{"id":2089,"date":"2022-09-27T13:19:10","date_gmt":"2022-09-27T11:19:10","guid":{"rendered":"https:\/\/kuiper-lisbonne.com\/?p=2089"},"modified":"2023-01-15T23:38:31","modified_gmt":"2023-01-15T22:38:31","slug":"qui-etait-le-marquis-de-pombal","status":"publish","type":"post","link":"https:\/\/kuiper-lisbonne.com\/de\/qui-etait-le-marquis-de-pombal\/","title":{"rendered":"Wer war der Marquis de Pombal?"},"content":{"rendered":"<p><strong>Der Marquis de Pombal (portugiesisch: Marqu\u00eas de Pombal) ist eine gro\u00dfe politische Figur Portugals und thront \u00fcber der Altstadt von Lissabon. Als Botschafter und sp\u00e4ter als Minister zog er sich durch seine Handlungen den Zorn eines Teils der Portugiesen zu. Wie wurde dieser Mann zwischen Machtmissbrauch und innovativer Politik zu einer wichtigen Person in der portugiesischen Geschichte?<\/strong> <\/p>\n\n\n\n<h3 class=\"wp-block-heading\"><strong>Seine Anf\u00e4nge&nbsp;<\/strong><\/h3>\n\n\n\n<p>Marqu\u00eas de Pombal wurde als Sebasti\u00e3o Jos\u00e9 de Carvalho e Melo am 13. Mai 1699 in Lissabon geboren. Er wuchs jedoch in der Universit\u00e4tsstadt Coimbra auf, wo er dank seiner Familie an die Universit\u00e4t ging und Jura, Geschichte und Politikwissenschaften studierte. Er bricht sein Studium jedoch ab, um eine milit\u00e4rische Karriere zu beginnen, die er ebenfalls abbricht.&nbsp;<\/p>\n\n\n\n<p>Dank seiner Familie beginnt er eine diplomatische Karriere. Im Jahr 1738 wird er zum Botschafter in Gro\u00dfbritannien ernannt. Sieben Jahre lang lernt er in London das diplomatische Handwerk. Als er 1745 nach Lissabon zur\u00fcckkehrt, wird er Botschafter in Wien, um bei der L\u00f6sung des Konflikts zwischen Papst Benedikt IV. und der \u00f6sterreichischen K\u00f6nigin Maria Theresia zu helfen. Die portugiesischen K\u00f6nige waren eine der wenigen Hoffnungen auf eine L\u00f6sung des Konflikts, der das Heilige R\u00f6misch-Deutsche Reich in Brand setzte.&nbsp;<\/p>\n\n\n\n<h3 class=\"wp-block-heading\"><strong>Seine Best\u00e4tigung&nbsp;<\/strong><\/h3>\n\n\n\n<p>Nach dem Tod von K\u00f6nig Dom Jo\u00e3o V. wird Marqu\u00eas do Pombal zum Staatssekret\u00e4r f\u00fcr ausw\u00e4rtige Angelegenheiten ernannt. Eine entscheidende Position, die es ihm erm\u00f6glicht, seine Macht zu nutzen. Er begann, eine f\u00fcr die damalige Zeit mutige Politik und Reformen einzuleiten. Er gr\u00fcndet mehrere Unternehmen, die die Gesch\u00e4fte des portugiesischen K\u00f6nigreichs monopolisieren und die Handelsbeziehungen des Landes aufbauen werden. Au\u00dferdem verhindert er den Export von Gold nach England.<\/p>\n\n\n\n<p>Als die Nachfrage nach Portwein drastisch sinkt, nimmt der Marquis de Pombal den Handel mit Portwein wieder in die Hand. Durch das Unternehmen <em>Companhia Geral da Agricultura das Vinhas do Alto Douro<\/em>Er handelte das Monopol f\u00fcr den Anbau von Portwein f\u00fcr England und Brasilien aus. Anschlie\u00dfend grenzte er das Anbaugebiet des Douro mit 335 Granitsteinen, den sogenannten marcos pombalinos, ab. Zum Schluss listet er die Weine nach ihrer Qualit\u00e4t auf. Vinhos de feitoria, die besten Weine der Weinberge, durften im Au\u00dfenhandel zu hohen Preisen verkauft werden.&nbsp;<\/p>\n\n\n\n<p>Die Weinberge, die die besten Weine hervorbringen, genannt <em>vinhos de feitoria<\/em>Diejenigen, die Weine von geringerer Qualit\u00e4t produzieren, die sogenannten \"Weinbauern\", d\u00fcrfen ihre Produkte im Export zu h\u00f6heren Preisen verkaufen. <em>vinhos de ramo<\/em>Die meisten Menschen, die in den USA leben, sind auf den Binnenmarkt beschr\u00e4nkt.&nbsp;<\/p>\n\n\n\n<p>Der Marquis de Pombal wird auch f\u00fcr die Erh\u00f6hung der Steuern verantwortlich sein. Eine seiner unpopul\u00e4rsten Ma\u00dfnahmen.&nbsp;<\/p>\n\n\n\n<p>All diese Reformen rufen den Zorn des Adels und der Jesuiten hervor, der sich zu bedeutenden Konflikten ausweitet.&nbsp;<\/p>\n\n\n\n<h3 class=\"wp-block-heading\"><strong>Vollmachten<\/strong><\/h3>\n\n\n\n<p>Am 1. November 1755 wird das sch\u00f6ne Lissabon von einem schrecklichen Erdbeben ersch\u00fcttert. Angesichts des Schreckens verbarrikadiert sich K\u00f6nig Jos\u00e9 I. in seinem Palast in Bel\u00e8m und \u00fcbergibt dem Marqu\u00eas do Pombal die volle Macht.&nbsp;<\/p>\n\n\n\n<p>W\u00e4hrend die \u00dcberlebenden mit einer Flutwelle und mehreren Br\u00e4nden zu k\u00e4mpfen hatten, \u00fcbernahm der Marquis die Z\u00fcgel der Stadtorganisation. Als Premierminister des K\u00f6nigreichs organisiert er die Rettung der Bev\u00f6lkerung, ordnet das H\u00e4ngen f\u00fcr Diebe und Pl\u00fcnderer an, legt die Preise f\u00fcr Lebensmittel und Materialien fest und hilft dabei, die Leichen im Ozean zu entsorgen, um Epidemien zu verhindern.&nbsp;<\/p>\n\n\n\n<p>Die durch die Katastrophe verursachten Sch\u00e4den sind betr\u00e4chtlich. Der Marquis trifft wichtige Entscheidungen, um die Stadt wieder aufzubauen. Mit der Hilfe portugiesischer und ausl\u00e4ndischer Ingenieure erm\u00f6glicht sein Wiederaufbauplan, dass die Stadt innerhalb eines Jahres wieder aufgebaut wird; geradere Stra\u00dfen, mehrere Verwaltungsgeb\u00e4ude werden gebaut, Verwendung von <em>der Azulejo<\/em> um die H\u00e4user vor Br\u00e4nden zu sch\u00fctzen und Gr\u00fcndung des Stadtteils <em>baixa. <\/em>Lissabon wird dann zu einer der sch\u00f6nsten Hauptst\u00e4dte Europas.&nbsp;<\/p>\n\n\n\n<p>Der Marquis de Pombal ist Freimaurer und versucht, den katholischen Einfluss zu verdr\u00e4ngen. In diesem Zusammenhang beschloss er, die Jesuiten aus Portugal zu vertreiben und zwang die k\u00f6nigliche Autorit\u00e4t zu einer Art Inquisition. Im Jahr 1960 gr\u00fcndete er au\u00dferdem das K\u00f6nigliche Schatzamt, die K\u00f6nigliche Presse und die Handelsschule.&nbsp;<\/p>\n\n\n\n<h3 class=\"wp-block-heading\">Sein Niedergang<\/h3>\n\n\n\n<p>Als Marqu\u00eas do Pombal auf dem H\u00f6hepunkt seiner Karriere steht und das Land seit 1750 mit eiserner Hand regiert, sch\u00fcrt er Neid und Missgunst. Der Adel hasste ihn und warf ihm seinen Machtmissbrauch vor.&nbsp;<\/p>\n\n\n\n<p>Nach dem Tod von K\u00f6nig Don Jos\u00e9 I. werden die Feinde des Marqu\u00e9s bei K\u00f6nigin Maria I. aktiv, die die Nachfolge ihres Vaters antritt. Da sie mit den Ma\u00dfnahmen und der Politik des Marqu\u00e9s nicht einverstanden war, beschuldigte die junge K\u00f6nigin ihn des Machtmissbrauchs und der Verbrechen. Sie beschloss, ihn abzusetzen und verurteilte ihn aufgrund seines hohen Alters (80 Jahre) zum Exil.&nbsp;<\/p>\n\n\n\n<p>O Marqu\u00eas do Pombal stirbt am 8. Mai 1782 auf seinem Anwesen in Pombal.&nbsp;<\/p>","protected":false},"excerpt":{"rendered":"<p>Grande figure politique portugaise, le marquis de Pombal (Marqu\u00eas de Pombal en portugais) tr\u00f4ne au-dessus du vieux Lisbonne. Ambassadeur puis ministre, ses actions lui ont attis\u00e9 les foudres d&rsquo;une partie des Portugais. Entre abus de pouvoir et politiques innovantes, comment cet homme est devenu un personnage important de l&rsquo;Histoire portugaise ? Ses d\u00e9buts&nbsp; Marqu\u00eas de [&hellip;]<\/p>","protected":false},"author":5,"featured_media":2090,"comment_status":"closed","ping_status":"open","sticky":false,"template":"","format":"standard","meta":{"_monsterinsights_skip_tracking":false,"_monsterinsights_sitenote_active":false,"_monsterinsights_sitenote_note":"","_monsterinsights_sitenote_category":0,"footnotes":""},"categories":[129],"tags":[135],"class_list":["post-2089","post","type-post","status-publish","format-standard","has-post-thumbnail","hentry","category-histoire","tag-histoire"],"yoast_head":"<!-- This site is optimized with the Yoast SEO plugin v21.2 - https:\/\/yoast.com\/wordpress\/plugins\/seo\/ -->\n<title>Qui \u00e9tait le marquis de Pombal ? - Kuiper<\/title>\n<meta name=\"description\" content=\"Grande figure politique, le marquis de Pombal fut ambassadeur et ministre, ses actions lui ont attis\u00e9 les foudres d&#039;une partie des Portugais\" \/>\n<meta name=\"robots\" content=\"index, follow, max-snippet:-1, max-image-preview:large, max-video-preview:-1\" \/>\n<link rel=\"canonical\" href=\"https:\/\/kuiper-lisbonne.com\/de\/qui-etait-le-marquis-de-pombal\/\" \/>\n<meta property=\"og:locale\" content=\"de_DE\" \/>\n<meta property=\"og:type\" content=\"article\" \/>\n<meta property=\"og:title\" content=\"Qui \u00e9tait le marquis de Pombal ? - Kuiper\" \/>\n<meta property=\"og:description\" content=\"Grande figure politique, le marquis de Pombal fut ambassadeur et ministre, ses actions lui ont attis\u00e9 les foudres d&#039;une partie des Portugais\" \/>\n<meta property=\"og:url\" content=\"https:\/\/kuiper-lisbonne.com\/de\/qui-etait-le-marquis-de-pombal\/\" \/>\n<meta property=\"og:site_name\" content=\"Kuiper\" \/>\n<meta property=\"article:published_time\" content=\"2022-09-27T11:19:10+00:00\" \/>\n<meta property=\"article:modified_time\" content=\"2023-01-15T22:38:31+00:00\" \/>\n<meta property=\"og:image\" content=\"https:\/\/kuiper-lisbonne.com\/wp-content\/uploads\/2022\/09\/statue_marquis_de_pombal.jpg\" \/>\n\t<meta property=\"og:image:width\" content=\"750\" \/>\n\t<meta property=\"og:image:height\" content=\"563\" \/>\n\t<meta property=\"og:image:type\" content=\"image\/jpeg\" \/>\n<meta name=\"author\" content=\"Monica Leite\" \/>\n<meta name=\"twitter:card\" content=\"summary_large_image\" \/>\n<meta name=\"twitter:creator\" content=\"@https:\/\/twitter.com\/Monica_Leite_\" \/>\n<meta name=\"twitter:label1\" content=\"Verfasst von\" \/>\n\t<meta name=\"twitter:data1\" content=\"Monica Leite\" \/>\n\t<meta name=\"twitter:label2\" content=\"Gesch\u00e4tzte Lesezeit\" \/>\n\t<meta name=\"twitter:data2\" content=\"4\u00a0Minuten\" \/>\n<script type=\"application\/ld+json\" class=\"yoast-schema-graph\">{\"@context\":\"https:\/\/schema.org\",\"@graph\":[{\"@type\":\"WebPage\",\"@id\":\"https:\/\/kuiper-lisbonne.com\/qui-etait-le-marquis-de-pombal\/\",\"url\":\"https:\/\/kuiper-lisbonne.com\/qui-etait-le-marquis-de-pombal\/\",\"name\":\"Qui \u00e9tait le marquis de Pombal ? - Kuiper\",\"isPartOf\":{\"@id\":\"https:\/\/kuiper-lisbonne.com\/es\/#website\"},\"datePublished\":\"2022-09-27T11:19:10+00:00\",\"dateModified\":\"2023-01-15T22:38:31+00:00\",\"author\":{\"@id\":\"https:\/\/kuiper-lisbonne.com\/es\/#\/schema\/person\/84b76c2075a591d6adfaf2ef09c898b3\"},\"description\":\"Grande figure politique, le marquis de Pombal fut ambassadeur et ministre, ses actions lui ont attis\u00e9 les foudres d'une partie des Portugais\",\"breadcrumb\":{\"@id\":\"https:\/\/kuiper-lisbonne.com\/qui-etait-le-marquis-de-pombal\/#breadcrumb\"},\"inLanguage\":\"de\",\"potentialAction\":[{\"@type\":\"ReadAction\",\"target\":[\"https:\/\/kuiper-lisbonne.com\/qui-etait-le-marquis-de-pombal\/\"]}]},{\"@type\":\"BreadcrumbList\",\"@id\":\"https:\/\/kuiper-lisbonne.com\/qui-etait-le-marquis-de-pombal\/#breadcrumb\",\"itemListElement\":[{\"@type\":\"ListItem\",\"position\":1,\"name\":\"Accueil\",\"item\":\"https:\/\/kuiper-lisbonne.com\/es\/\"},{\"@type\":\"ListItem\",\"position\":2,\"name\":\"Qui \u00e9tait le marquis de Pombal ?\"}]},{\"@type\":\"WebSite\",\"@id\":\"https:\/\/kuiper-lisbonne.com\/es\/#website\",\"url\":\"https:\/\/kuiper-lisbonne.com\/es\/\",\"name\":\"Kuiper\",\"description\":\"le blog de Lisbonne\",\"potentialAction\":[{\"@type\":\"SearchAction\",\"target\":{\"@type\":\"EntryPoint\",\"urlTemplate\":\"https:\/\/kuiper-lisbonne.com\/es\/?s={search_term_string}\"},\"query-input\":\"required name=search_term_string\"}],\"inLanguage\":\"de\"},{\"@type\":\"Person\",\"@id\":\"https:\/\/kuiper-lisbonne.com\/es\/#\/schema\/person\/84b76c2075a591d6adfaf2ef09c898b3\",\"name\":\"Monica Leite\",\"image\":{\"@type\":\"ImageObject\",\"inLanguage\":\"de\",\"@id\":\"https:\/\/kuiper-lisbonne.com\/es\/#\/schema\/person\/image\/\",\"url\":\"https:\/\/secure.gravatar.com\/avatar\/796781a39b13235651e2ea391e4eede7?s=96&d=mm&r=g\",\"contentUrl\":\"https:\/\/secure.gravatar.com\/avatar\/796781a39b13235651e2ea391e4eede7?s=96&d=mm&r=g\",\"caption\":\"Monica Leite\"},\"sameAs\":[\"https:\/\/www.monicaleite.com\",\"https:\/\/www.instagram.com\/monica.leite.writer\/?hl=fr\",\"https:\/\/twitter.com\/https:\/\/twitter.com\/Monica_Leite_\"],\"url\":\"https:\/\/kuiper-lisbonne.com\/de\/author\/monica_leite_writer_15\/\"}]}<\/script>\n<!-- \/ Yoast SEO plugin. -->","yoast_head_json":{"title":"Qui \u00e9tait le marquis de Pombal ? - Kuiper","description":"Grande figure politique, le marquis de Pombal fut ambassadeur et ministre, ses actions lui ont attis\u00e9 les foudres d'une partie des Portugais","robots":{"index":"index","follow":"follow","max-snippet":"max-snippet:-1","max-image-preview":"max-image-preview:large","max-video-preview":"max-video-preview:-1"},"canonical":"https:\/\/kuiper-lisbonne.com\/de\/qui-etait-le-marquis-de-pombal\/","og_locale":"de_DE","og_type":"article","og_title":"Qui \u00e9tait le marquis de Pombal ? - Kuiper","og_description":"Grande figure politique, le marquis de Pombal fut ambassadeur et ministre, ses actions lui ont attis\u00e9 les foudres d'une partie des Portugais","og_url":"https:\/\/kuiper-lisbonne.com\/de\/qui-etait-le-marquis-de-pombal\/","og_site_name":"Kuiper","article_published_time":"2022-09-27T11:19:10+00:00","article_modified_time":"2023-01-15T22:38:31+00:00","og_image":[{"width":750,"height":563,"url":"https:\/\/kuiper-lisbonne.com\/wp-content\/uploads\/2022\/09\/statue_marquis_de_pombal.jpg","type":"image\/jpeg"}],"author":"Monica Leite","twitter_card":"summary_large_image","twitter_creator":"@https:\/\/twitter.com\/Monica_Leite_","twitter_misc":{"Verfasst von":"Monica Leite","Gesch\u00e4tzte Lesezeit":"4\u00a0Minuten"},"schema":{"@context":"https:\/\/schema.org","@graph":[{"@type":"WebPage","@id":"https:\/\/kuiper-lisbonne.com\/qui-etait-le-marquis-de-pombal\/","url":"https:\/\/kuiper-lisbonne.com\/qui-etait-le-marquis-de-pombal\/","name":"Qui \u00e9tait le marquis de Pombal ? - Kuiper","isPartOf":{"@id":"https:\/\/kuiper-lisbonne.com\/es\/#website"},"datePublished":"2022-09-27T11:19:10+00:00","dateModified":"2023-01-15T22:38:31+00:00","author":{"@id":"https:\/\/kuiper-lisbonne.com\/es\/#\/schema\/person\/84b76c2075a591d6adfaf2ef09c898b3"},"description":"Grande figure politique, le marquis de Pombal fut ambassadeur et ministre, ses actions lui ont attis\u00e9 les foudres d'une partie des Portugais","breadcrumb":{"@id":"https:\/\/kuiper-lisbonne.com\/qui-etait-le-marquis-de-pombal\/#breadcrumb"},"inLanguage":"de","potentialAction":[{"@type":"ReadAction","target":["https:\/\/kuiper-lisbonne.com\/qui-etait-le-marquis-de-pombal\/"]}]},{"@type":"BreadcrumbList","@id":"https:\/\/kuiper-lisbonne.com\/qui-etait-le-marquis-de-pombal\/#breadcrumb","itemListElement":[{"@type":"ListItem","position":1,"name":"Accueil","item":"https:\/\/kuiper-lisbonne.com\/es\/"},{"@type":"ListItem","position":2,"name":"Qui \u00e9tait le marquis de Pombal ?"}]},{"@type":"WebSite","@id":"https:\/\/kuiper-lisbonne.com\/es\/#website","url":"https:\/\/kuiper-lisbonne.com\/es\/","name":"Kuiper","description":"le blog de Lisbonne","potentialAction":[{"@type":"SearchAction","target":{"@type":"EntryPoint","urlTemplate":"https:\/\/kuiper-lisbonne.com\/es\/?s={search_term_string}"},"query-input":"required name=search_term_string"}],"inLanguage":"de"},{"@type":"Person","@id":"https:\/\/kuiper-lisbonne.com\/es\/#\/schema\/person\/84b76c2075a591d6adfaf2ef09c898b3","name":"Monica Leite","image":{"@type":"ImageObject","inLanguage":"de","@id":"https:\/\/kuiper-lisbonne.com\/es\/#\/schema\/person\/image\/","url":"https:\/\/secure.gravatar.com\/avatar\/796781a39b13235651e2ea391e4eede7?s=96&d=mm&r=g","contentUrl":"https:\/\/secure.gravatar.com\/avatar\/796781a39b13235651e2ea391e4eede7?s=96&d=mm&r=g","caption":"Monica Leite"},"sameAs":["https:\/\/www.monicaleite.com","https:\/\/www.instagram.com\/monica.leite.writer\/?hl=fr","https:\/\/twitter.com\/https:\/\/twitter.com\/Monica_Leite_"],"url":"https:\/\/kuiper-lisbonne.com\/de\/author\/monica_leite_writer_15\/"}]}},"_links":{"self":[{"href":"https:\/\/kuiper-lisbonne.com\/de\/wp-json\/wp\/v2\/posts\/2089","targetHints":{"allow":["GET"]}}],"collection":[{"href":"https:\/\/kuiper-lisbonne.com\/de\/wp-json\/wp\/v2\/posts"}],"about":[{"href":"https:\/\/kuiper-lisbonne.com\/de\/wp-json\/wp\/v2\/types\/post"}],"author":[{"embeddable":true,"href":"https:\/\/kuiper-lisbonne.com\/de\/wp-json\/wp\/v2\/users\/5"}],"replies":[{"embeddable":true,"href":"https:\/\/kuiper-lisbonne.com\/de\/wp-json\/wp\/v2\/comments?post=2089"}],"version-history":[{"count":21,"href":"https:\/\/kuiper-lisbonne.com\/de\/wp-json\/wp\/v2\/posts\/2089\/revisions"}],"predecessor-version":[{"id":2144,"href":"https:\/\/kuiper-lisbonne.com\/de\/wp-json\/wp\/v2\/posts\/2089\/revisions\/2144"}],"wp:featuredmedia":[{"embeddable":true,"href":"https:\/\/kuiper-lisbonne.com\/de\/wp-json\/wp\/v2\/media\/2090"}],"wp:attachment":[{"href":"https:\/\/kuiper-lisbonne.com\/de\/wp-json\/wp\/v2\/media?parent=2089"}],"wp:term":[{"taxonomy":"category","embeddable":true,"href":"https:\/\/kuiper-lisbonne.com\/de\/wp-json\/wp\/v2\/categories?post=2089"},{"taxonomy":"post_tag","embeddable":true,"href":"https:\/\/kuiper-lisbonne.com\/de\/wp-json\/wp\/v2\/tags?post=2089"}],"curies":[{"name":"wp","href":"https:\/\/api.w.org\/{rel}","templated":true}]}}