{"id":2089,"date":"2022-09-27T13:19:10","date_gmt":"2022-09-27T11:19:10","guid":{"rendered":"https:\/\/kuiper-lisbonne.com\/?p=2089"},"modified":"2023-01-15T23:38:31","modified_gmt":"2023-01-15T22:38:31","slug":"qui-etait-le-marquis-de-pombal","status":"publish","type":"post","link":"https:\/\/kuiper-lisbonne.com\/es\/qui-etait-le-marquis-de-pombal\/","title":{"rendered":"\u00bfQui\u00e9n era el marqu\u00e9s de Pombal?"},"content":{"rendered":"<p><strong>Una gran figura pol\u00edtica portuguesa, el marqu\u00e9s de Pombal (Marqu\u00eas de Pombal en portugu\u00e9s) se entroniza sobre la vieja Lisboa. Como embajador y luego ministro, sus acciones le valieron la ira de una parte del pueblo portugu\u00e9s. Entre el abuso de poder y las pol\u00edticas innovadoras, \u00bfc\u00f3mo se convirti\u00f3 este hombre en una figura importante de la historia de Portugal?<\/strong> <\/p>\n\n\n\n<h3 class=\"wp-block-heading\"><strong>Sus inicios&nbsp;<\/strong><\/h3>\n\n\n\n<p>El Marqu\u00e9s de Pombal naci\u00f3 el 13 de mayo de 1699 en Lisboa con el nombre de Sebasti\u00e3o Jos\u00e9 de Carvalho e Melo. Sin embargo, creci\u00f3 en la ciudad universitaria de Coimbra, donde, gracias a su familia, ingres\u00f3 en la universidad y estudi\u00f3 Derecho, Historia y Ciencias Pol\u00edticas. Sin embargo, abandon\u00f3 sus estudios para iniciar la carrera militar, que tambi\u00e9n abandon\u00f3.&nbsp;<\/p>\n\n\n\n<p>Gracias a su familia, inici\u00f3 la carrera diplom\u00e1tica. En 1738 fue nombrado embajador en Gran Breta\u00f1a. Durante siete a\u00f1os aprendi\u00f3 la profesi\u00f3n diplom\u00e1tica en Londres. En 1745, de regreso a Lisboa, fue nombrado embajador en Viena para ayudar a resolver el conflicto entre el Papa Benedicto IV y la reina austriaca Mar\u00eda Teresa. Los reyes portugueses eran una de las pocas esperanzas para resolver el conflicto que envolv\u00eda al Sacro Imperio Romano.&nbsp;<\/p>\n\n\n\n<h3 class=\"wp-block-heading\"><strong>Su confirmaci\u00f3n&nbsp;<\/strong><\/h3>\n\n\n\n<p>A la muerte del rey Dom Jo\u00e3o V, Marqu\u00eas do Pombal fue nombrado Secretario de Estado de Asuntos Exteriores. Esta era una posici\u00f3n decisiva que le permit\u00eda utilizar su poder. Comenz\u00f3 a poner en marcha pol\u00edticas y reformas atrevidas para la \u00e9poca. Cre\u00f3 varias empresas que acaparar\u00edan los negocios del reino portugu\u00e9s y que construir\u00edan las relaciones comerciales del pa\u00eds. Tambi\u00e9n impidi\u00f3 la exportaci\u00f3n de oro a Inglaterra.<\/p>\n\n\n\n<p>Como la demanda de vino de Oporto cay\u00f3 en picado, el marqu\u00e9s de Pombal se hizo cargo del comercio del vino de Oporto. Gracias a la empresa <em>Companhia Geral da Agricultura das Vinhas do Alto Douro<\/em>A finales del siglo XIX, negoci\u00f3 el monopolio de la producci\u00f3n de vino de Oporto para Inglaterra y Brasil. A continuaci\u00f3n, delimit\u00f3 la zona de producci\u00f3n del Duero con 335 hitos de granito llamados \"marcos pombalinos\". Por \u00faltimo, enumer\u00f3 los vinos seg\u00fan su calidad. Los vinhos de feitoria, los mejores vinos de los vi\u00f1edos, pod\u00edan venderse en el comercio exterior, a precios elevados.&nbsp;<\/p>\n\n\n\n<p>Los vi\u00f1edos que producen los mejores vinos, llamados <em>vinhos de feitoria<\/em>s, tienen derecho a vender sus productos para la exportaci\u00f3n a precios m\u00e1s altos, mientras que los que producen vinos de calidad m\u00e1s modesta, los <em>vinhos de ramo<\/em>se limitan al mercado interior.&nbsp;<\/p>\n\n\n\n<p>El marqu\u00e9s de Pombal tambi\u00e9n se encarg\u00f3 de subir los impuestos. Una de sus medidas m\u00e1s impopulares.&nbsp;<\/p>\n\n\n\n<p>Todas estas reformas provocaron la ira de la nobleza y de los jesuitas, que se convirtieron en grandes conflictos.&nbsp;<\/p>\n\n\n\n<h3 class=\"wp-block-heading\"><strong>Plenos poderes<\/strong><\/h3>\n\n\n\n<p>El 1 de noviembre de 1755, un terrible terremoto sacudi\u00f3 la bella Lisboa. Ante el terror, el rey Jos\u00e9 I se atrincher\u00f3 en su palacio de Bel\u00e8m y dio plenos poderes al marqu\u00e9s de Pombal.&nbsp;<\/p>\n\n\n\n<p>Mientras los supervivientes tuvieron que hacer frente a un maremoto y a varios incendios, el marqu\u00e9s se hizo cargo de la organizaci\u00f3n de la ciudad. Como primer ministro del reino, organiza el rescate de la poblaci\u00f3n, decreta la horca para los ladrones y merodeadores, fija el precio de los alimentos y materiales, y ayuda a deshacerse de los cad\u00e1veres en el oc\u00e9ano para evitar epidemias.&nbsp;<\/p>\n\n\n\n<p>Los da\u00f1os causados por la cat\u00e1strofe son considerables. El marqu\u00e9s tom\u00f3 las decisiones importantes para reconstruir la ciudad. Con la ayuda de ingenieros portugueses y extranjeros, su plan de reconstrucci\u00f3n permiti\u00f3 reconstruir la ciudad en un a\u00f1o; calles m\u00e1s rectas, varios edificios administrativos construidos, uso de <em>azulejo<\/em> para proteger las casas del fuego y la creaci\u00f3n de la <em>baixa. <\/em>Lisboa se convirti\u00f3 entonces en una de las m\u00e1s bellas capitales europeas.&nbsp;<\/p>\n\n\n\n<p>Mas\u00f3n, el marqu\u00e9s de Pombal pretend\u00eda eliminar la influencia cat\u00f3lica. Por ello, decidi\u00f3 expulsar a los jesuitas de Portugal y forz\u00f3 una especie de inquisici\u00f3n a la autoridad real. En 1960, tambi\u00e9n cre\u00f3 la Real Hacienda, la Real Imprenta y la Escuela de Comercio.&nbsp;<\/p>\n\n\n\n<h3 class=\"wp-block-heading\">Su declive<\/h3>\n\n\n\n<p>En el apogeo de su carrera, y gobernando el pa\u00eds con mano de hierro desde 1750, el Marqu\u00e9s de Pombal despert\u00f3 celos y resentimientos. La nobleza le odiaba y le reprochaba su abuso de poder.&nbsp;<\/p>\n\n\n\n<p>A la muerte del rey Don Jos\u00e9 I, los enemigos del marqu\u00e9s act\u00faan con la reina Mar\u00eda I, que sucede a su padre. Al no estar de acuerdo con las medidas y la pol\u00edtica del marqu\u00e9s, la joven reina lo acusa de abuso de poder y de cr\u00edmenes. Decidi\u00f3 renunciar a \u00e9l y lo conden\u00f3 al exilio debido a su avanzada edad (80 a\u00f1os).&nbsp;<\/p>\n\n\n\n<p>O Marqu\u00eas do Pombal muri\u00f3 el 8 de mayo de 1782 en su finca de Pombal.&nbsp;<\/p>","protected":false},"excerpt":{"rendered":"<p>Una gran figura pol\u00edtica portuguesa, el marqu\u00e9s de Pombal (Marqu\u00eas de Pombal en portugu\u00e9s) se entroniza sobre la vieja Lisboa. Como embajador y luego ministro, sus acciones le valieron la ira de una parte del pueblo portugu\u00e9s. Entre el abuso de poder y las pol\u00edticas innovadoras, \u00bfc\u00f3mo se convirti\u00f3 este hombre en una figura importante de la historia de Portugal? Sus inicios Marqu\u00eas de [...]<\/p>","protected":false},"author":5,"featured_media":2090,"comment_status":"closed","ping_status":"open","sticky":false,"template":"","format":"standard","meta":{"_monsterinsights_skip_tracking":false,"_monsterinsights_sitenote_active":false,"_monsterinsights_sitenote_note":"","_monsterinsights_sitenote_category":0,"footnotes":""},"categories":[129],"tags":[135],"class_list":["post-2089","post","type-post","status-publish","format-standard","has-post-thumbnail","hentry","category-histoire","tag-histoire"],"yoast_head":"<!-- This site is optimized with the Yoast SEO plugin v21.2 - https:\/\/yoast.com\/wordpress\/plugins\/seo\/ -->\n<title>Qui \u00e9tait le marquis de Pombal ? - Kuiper<\/title>\n<meta name=\"description\" content=\"Grande figure politique, le marquis de Pombal fut ambassadeur et ministre, ses actions lui ont attis\u00e9 les foudres d&#039;une partie des Portugais\" \/>\n<meta name=\"robots\" content=\"index, follow, max-snippet:-1, max-image-preview:large, max-video-preview:-1\" \/>\n<link rel=\"canonical\" href=\"https:\/\/kuiper-lisbonne.com\/es\/qui-etait-le-marquis-de-pombal\/\" \/>\n<meta property=\"og:locale\" content=\"es_ES\" \/>\n<meta property=\"og:type\" content=\"article\" \/>\n<meta property=\"og:title\" content=\"Qui \u00e9tait le marquis de Pombal ? - Kuiper\" \/>\n<meta property=\"og:description\" content=\"Grande figure politique, le marquis de Pombal fut ambassadeur et ministre, ses actions lui ont attis\u00e9 les foudres d&#039;une partie des Portugais\" \/>\n<meta property=\"og:url\" content=\"https:\/\/kuiper-lisbonne.com\/es\/qui-etait-le-marquis-de-pombal\/\" \/>\n<meta property=\"og:site_name\" content=\"Kuiper\" \/>\n<meta property=\"article:published_time\" content=\"2022-09-27T11:19:10+00:00\" \/>\n<meta property=\"article:modified_time\" content=\"2023-01-15T22:38:31+00:00\" \/>\n<meta property=\"og:image\" content=\"https:\/\/kuiper-lisbonne.com\/wp-content\/uploads\/2022\/09\/statue_marquis_de_pombal.jpg\" \/>\n\t<meta property=\"og:image:width\" content=\"750\" \/>\n\t<meta property=\"og:image:height\" content=\"563\" \/>\n\t<meta property=\"og:image:type\" content=\"image\/jpeg\" \/>\n<meta name=\"author\" content=\"Monica Leite\" \/>\n<meta name=\"twitter:card\" content=\"summary_large_image\" \/>\n<meta name=\"twitter:creator\" content=\"@https:\/\/twitter.com\/Monica_Leite_\" \/>\n<meta name=\"twitter:label1\" content=\"Escrito por\" \/>\n\t<meta name=\"twitter:data1\" content=\"Monica Leite\" \/>\n\t<meta name=\"twitter:label2\" content=\"Tiempo de lectura\" \/>\n\t<meta name=\"twitter:data2\" content=\"4 minutos\" \/>\n<script type=\"application\/ld+json\" class=\"yoast-schema-graph\">{\"@context\":\"https:\/\/schema.org\",\"@graph\":[{\"@type\":\"WebPage\",\"@id\":\"https:\/\/kuiper-lisbonne.com\/qui-etait-le-marquis-de-pombal\/\",\"url\":\"https:\/\/kuiper-lisbonne.com\/qui-etait-le-marquis-de-pombal\/\",\"name\":\"Qui \u00e9tait le marquis de Pombal ? - Kuiper\",\"isPartOf\":{\"@id\":\"https:\/\/kuiper-lisbonne.com\/es\/#website\"},\"datePublished\":\"2022-09-27T11:19:10+00:00\",\"dateModified\":\"2023-01-15T22:38:31+00:00\",\"author\":{\"@id\":\"https:\/\/kuiper-lisbonne.com\/es\/#\/schema\/person\/84b76c2075a591d6adfaf2ef09c898b3\"},\"description\":\"Grande figure politique, le marquis de Pombal fut ambassadeur et ministre, ses actions lui ont attis\u00e9 les foudres d'une partie des Portugais\",\"breadcrumb\":{\"@id\":\"https:\/\/kuiper-lisbonne.com\/qui-etait-le-marquis-de-pombal\/#breadcrumb\"},\"inLanguage\":\"es\",\"potentialAction\":[{\"@type\":\"ReadAction\",\"target\":[\"https:\/\/kuiper-lisbonne.com\/qui-etait-le-marquis-de-pombal\/\"]}]},{\"@type\":\"BreadcrumbList\",\"@id\":\"https:\/\/kuiper-lisbonne.com\/qui-etait-le-marquis-de-pombal\/#breadcrumb\",\"itemListElement\":[{\"@type\":\"ListItem\",\"position\":1,\"name\":\"Accueil\",\"item\":\"https:\/\/kuiper-lisbonne.com\/es\/\"},{\"@type\":\"ListItem\",\"position\":2,\"name\":\"Qui \u00e9tait le marquis de Pombal ?\"}]},{\"@type\":\"WebSite\",\"@id\":\"https:\/\/kuiper-lisbonne.com\/es\/#website\",\"url\":\"https:\/\/kuiper-lisbonne.com\/es\/\",\"name\":\"Kuiper\",\"description\":\"le blog de Lisbonne\",\"potentialAction\":[{\"@type\":\"SearchAction\",\"target\":{\"@type\":\"EntryPoint\",\"urlTemplate\":\"https:\/\/kuiper-lisbonne.com\/es\/?s={search_term_string}\"},\"query-input\":\"required name=search_term_string\"}],\"inLanguage\":\"es\"},{\"@type\":\"Person\",\"@id\":\"https:\/\/kuiper-lisbonne.com\/es\/#\/schema\/person\/84b76c2075a591d6adfaf2ef09c898b3\",\"name\":\"Monica Leite\",\"image\":{\"@type\":\"ImageObject\",\"inLanguage\":\"es\",\"@id\":\"https:\/\/kuiper-lisbonne.com\/es\/#\/schema\/person\/image\/\",\"url\":\"https:\/\/secure.gravatar.com\/avatar\/796781a39b13235651e2ea391e4eede7?s=96&d=mm&r=g\",\"contentUrl\":\"https:\/\/secure.gravatar.com\/avatar\/796781a39b13235651e2ea391e4eede7?s=96&d=mm&r=g\",\"caption\":\"Monica Leite\"},\"sameAs\":[\"https:\/\/www.monicaleite.com\",\"https:\/\/www.instagram.com\/monica.leite.writer\/?hl=fr\",\"https:\/\/twitter.com\/https:\/\/twitter.com\/Monica_Leite_\"],\"url\":\"https:\/\/kuiper-lisbonne.com\/es\/author\/monica_leite_writer_15\/\"}]}<\/script>\n<!-- \/ Yoast SEO plugin. -->","yoast_head_json":{"title":"Qui \u00e9tait le marquis de Pombal ? - Kuiper","description":"Grande figure politique, le marquis de Pombal fut ambassadeur et ministre, ses actions lui ont attis\u00e9 les foudres d'une partie des Portugais","robots":{"index":"index","follow":"follow","max-snippet":"max-snippet:-1","max-image-preview":"max-image-preview:large","max-video-preview":"max-video-preview:-1"},"canonical":"https:\/\/kuiper-lisbonne.com\/es\/qui-etait-le-marquis-de-pombal\/","og_locale":"es_ES","og_type":"article","og_title":"Qui \u00e9tait le marquis de Pombal ? - Kuiper","og_description":"Grande figure politique, le marquis de Pombal fut ambassadeur et ministre, ses actions lui ont attis\u00e9 les foudres d'une partie des Portugais","og_url":"https:\/\/kuiper-lisbonne.com\/es\/qui-etait-le-marquis-de-pombal\/","og_site_name":"Kuiper","article_published_time":"2022-09-27T11:19:10+00:00","article_modified_time":"2023-01-15T22:38:31+00:00","og_image":[{"width":750,"height":563,"url":"https:\/\/kuiper-lisbonne.com\/wp-content\/uploads\/2022\/09\/statue_marquis_de_pombal.jpg","type":"image\/jpeg"}],"author":"Monica Leite","twitter_card":"summary_large_image","twitter_creator":"@https:\/\/twitter.com\/Monica_Leite_","twitter_misc":{"Escrito por":"Monica Leite","Tiempo de lectura":"4 minutos"},"schema":{"@context":"https:\/\/schema.org","@graph":[{"@type":"WebPage","@id":"https:\/\/kuiper-lisbonne.com\/qui-etait-le-marquis-de-pombal\/","url":"https:\/\/kuiper-lisbonne.com\/qui-etait-le-marquis-de-pombal\/","name":"Qui \u00e9tait le marquis de Pombal ? - Kuiper","isPartOf":{"@id":"https:\/\/kuiper-lisbonne.com\/es\/#website"},"datePublished":"2022-09-27T11:19:10+00:00","dateModified":"2023-01-15T22:38:31+00:00","author":{"@id":"https:\/\/kuiper-lisbonne.com\/es\/#\/schema\/person\/84b76c2075a591d6adfaf2ef09c898b3"},"description":"Grande figure politique, le marquis de Pombal fut ambassadeur et ministre, ses actions lui ont attis\u00e9 les foudres d'une partie des Portugais","breadcrumb":{"@id":"https:\/\/kuiper-lisbonne.com\/qui-etait-le-marquis-de-pombal\/#breadcrumb"},"inLanguage":"es","potentialAction":[{"@type":"ReadAction","target":["https:\/\/kuiper-lisbonne.com\/qui-etait-le-marquis-de-pombal\/"]}]},{"@type":"BreadcrumbList","@id":"https:\/\/kuiper-lisbonne.com\/qui-etait-le-marquis-de-pombal\/#breadcrumb","itemListElement":[{"@type":"ListItem","position":1,"name":"Accueil","item":"https:\/\/kuiper-lisbonne.com\/es\/"},{"@type":"ListItem","position":2,"name":"Qui \u00e9tait le marquis de Pombal ?"}]},{"@type":"WebSite","@id":"https:\/\/kuiper-lisbonne.com\/es\/#website","url":"https:\/\/kuiper-lisbonne.com\/es\/","name":"Kuiper","description":"le blog de Lisbonne","potentialAction":[{"@type":"SearchAction","target":{"@type":"EntryPoint","urlTemplate":"https:\/\/kuiper-lisbonne.com\/es\/?s={search_term_string}"},"query-input":"required name=search_term_string"}],"inLanguage":"es"},{"@type":"Person","@id":"https:\/\/kuiper-lisbonne.com\/es\/#\/schema\/person\/84b76c2075a591d6adfaf2ef09c898b3","name":"Monica Leite","image":{"@type":"ImageObject","inLanguage":"es","@id":"https:\/\/kuiper-lisbonne.com\/es\/#\/schema\/person\/image\/","url":"https:\/\/secure.gravatar.com\/avatar\/796781a39b13235651e2ea391e4eede7?s=96&d=mm&r=g","contentUrl":"https:\/\/secure.gravatar.com\/avatar\/796781a39b13235651e2ea391e4eede7?s=96&d=mm&r=g","caption":"Monica Leite"},"sameAs":["https:\/\/www.monicaleite.com","https:\/\/www.instagram.com\/monica.leite.writer\/?hl=fr","https:\/\/twitter.com\/https:\/\/twitter.com\/Monica_Leite_"],"url":"https:\/\/kuiper-lisbonne.com\/es\/author\/monica_leite_writer_15\/"}]}},"_links":{"self":[{"href":"https:\/\/kuiper-lisbonne.com\/es\/wp-json\/wp\/v2\/posts\/2089","targetHints":{"allow":["GET"]}}],"collection":[{"href":"https:\/\/kuiper-lisbonne.com\/es\/wp-json\/wp\/v2\/posts"}],"about":[{"href":"https:\/\/kuiper-lisbonne.com\/es\/wp-json\/wp\/v2\/types\/post"}],"author":[{"embeddable":true,"href":"https:\/\/kuiper-lisbonne.com\/es\/wp-json\/wp\/v2\/users\/5"}],"replies":[{"embeddable":true,"href":"https:\/\/kuiper-lisbonne.com\/es\/wp-json\/wp\/v2\/comments?post=2089"}],"version-history":[{"count":21,"href":"https:\/\/kuiper-lisbonne.com\/es\/wp-json\/wp\/v2\/posts\/2089\/revisions"}],"predecessor-version":[{"id":2144,"href":"https:\/\/kuiper-lisbonne.com\/es\/wp-json\/wp\/v2\/posts\/2089\/revisions\/2144"}],"wp:featuredmedia":[{"embeddable":true,"href":"https:\/\/kuiper-lisbonne.com\/es\/wp-json\/wp\/v2\/media\/2090"}],"wp:attachment":[{"href":"https:\/\/kuiper-lisbonne.com\/es\/wp-json\/wp\/v2\/media?parent=2089"}],"wp:term":[{"taxonomy":"category","embeddable":true,"href":"https:\/\/kuiper-lisbonne.com\/es\/wp-json\/wp\/v2\/categories?post=2089"},{"taxonomy":"post_tag","embeddable":true,"href":"https:\/\/kuiper-lisbonne.com\/es\/wp-json\/wp\/v2\/tags?post=2089"}],"curies":[{"name":"wp","href":"https:\/\/api.w.org\/{rel}","templated":true}]}}