{"id":266,"date":"2020-08-08T14:40:15","date_gmt":"2020-08-08T12:40:15","guid":{"rendered":"http:\/\/kuiper-lisbonne.com\/?p=266"},"modified":"2022-06-29T20:07:16","modified_gmt":"2022-06-29T18:07:16","slug":"lisbonne-romantique","status":"publish","type":"post","link":"https:\/\/kuiper-lisbonne.com\/es\/lisbonne-romantique\/","title":{"rendered":"Lisboa rom\u00e1ntica"},"content":{"rendered":"<p>Con sus Miradouros (torres de vigilancia), sus plazas empedradas y sus quioscos donde disfrutar de una especialidad portuguesa con una copa de vino, Lisboa es la ciudad rom\u00e1ntica por excelencia. Hemos seleccionado los lugares m\u00e1s rom\u00e1nticos de Lisboa, \u00bflos conoces?<\/p>\n\n\n\n<h3 class=\"wp-block-heading\">Miradouro de Santa Luzia<\/h3>\n\n\n\n<p>Sitio bien conocido por los turistas, pero su encanto sigue intacto. <\/p>\n\n\n\n<figure class=\"wp-block-image size-large\"><img loading=\"lazy\" decoding=\"async\" width=\"1008\" height=\"756\" src=\"https:\/\/kuiper-lisbonne.com\/wp-content\/uploads\/2020\/08\/miradouro-santa-luzia.jpg\" alt=\"mirador de santa luzia con columnata de enredaderas de virginia y rosales muro bajo en azulejos\" class=\"wp-image-1250\" srcset=\"https:\/\/kuiper-lisbonne.com\/wp-content\/uploads\/2020\/08\/miradouro-santa-luzia.jpg 1008w, https:\/\/kuiper-lisbonne.com\/wp-content\/uploads\/2020\/08\/miradouro-santa-luzia-300x225.jpg 300w, https:\/\/kuiper-lisbonne.com\/wp-content\/uploads\/2020\/08\/miradouro-santa-luzia-768x576.jpg 768w, https:\/\/kuiper-lisbonne.com\/wp-content\/uploads\/2020\/08\/miradouro-santa-luzia-16x12.jpg 16w, https:\/\/kuiper-lisbonne.com\/wp-content\/uploads\/2020\/08\/miradouro-santa-luzia-600x450.jpg 600w\" sizes=\"auto, (max-width: 1008px) 100vw, 1008px\" \/><\/figure>\n\n\n\n<h3 class=\"wp-block-heading\">Castillo de San Jorge <\/h3>\n\n\n\n<p>El castillo ofrece la mejor vista de la ciudad en una zona boscosa. Con sus torres medievales, podr\u00e1s recrear las escenas de Romeo y Julieta.   <\/p>\n\n\n\n<figure class=\"wp-block-image size-large\"><img loading=\"lazy\" decoding=\"async\" width=\"1024\" height=\"576\" src=\"https:\/\/kuiper-lisbonne.com\/wp-content\/uploads\/2020\/09\/castelo-sao-jorge-1024x576.jpg\" alt=\"visto en el barrio de Freguesia de Castelo con el castillo de Saint-Georges\" class=\"wp-image-1253\" srcset=\"https:\/\/kuiper-lisbonne.com\/wp-content\/uploads\/2020\/09\/castelo-sao-jorge-1024x576.jpg 1024w, https:\/\/kuiper-lisbonne.com\/wp-content\/uploads\/2020\/09\/castelo-sao-jorge-300x169.jpg 300w, https:\/\/kuiper-lisbonne.com\/wp-content\/uploads\/2020\/09\/castelo-sao-jorge-768x432.jpg 768w, https:\/\/kuiper-lisbonne.com\/wp-content\/uploads\/2020\/09\/castelo-sao-jorge-16x9.jpg 16w, https:\/\/kuiper-lisbonne.com\/wp-content\/uploads\/2020\/09\/castelo-sao-jorge.jpg 1160w, https:\/\/kuiper-lisbonne.com\/wp-content\/uploads\/2020\/09\/castelo-sao-jorge-600x338.jpg 600w\" sizes=\"auto, (max-width: 1024px) 100vw, 1024px\" \/><\/figure>\n\n\n\n<h3 class=\"wp-block-heading\">Mirador de S\u00e3o Pedro de Alc\u00e3ntara<\/h3>\n\n\n\n<p>Un lugar de visita obligada en Lisboa. <\/p>\n\n\n\n<figure class=\"wp-block-image size-large\"><img loading=\"lazy\" decoding=\"async\" width=\"1008\" height=\"756\" src=\"https:\/\/kuiper-lisbonne.com\/wp-content\/uploads\/2020\/09\/miradouro-Alcantara.jpg\" alt=\"Mirador sobre la ciudad de Lisboa y en primer plano el jard\u00edn del mirador de S\u00e3o Pedro de Alc\u00e3ntara.\" class=\"wp-image-1195\" srcset=\"https:\/\/kuiper-lisbonne.com\/wp-content\/uploads\/2020\/09\/miradouro-Alcantara.jpg 1008w, https:\/\/kuiper-lisbonne.com\/wp-content\/uploads\/2020\/09\/miradouro-Alcantara-300x225.jpg 300w, https:\/\/kuiper-lisbonne.com\/wp-content\/uploads\/2020\/09\/miradouro-Alcantara-768x576.jpg 768w, https:\/\/kuiper-lisbonne.com\/wp-content\/uploads\/2020\/09\/miradouro-Alcantara-16x12.jpg 16w, https:\/\/kuiper-lisbonne.com\/wp-content\/uploads\/2020\/09\/miradouro-Alcantara-600x450.jpg 600w\" sizes=\"auto, (max-width: 1008px) 100vw, 1008px\" \/><\/figure>\n\n\n\n<h3 class=\"wp-block-heading\">la Torre de Belem<\/h3>\n\n\n\n<p>La m\u00edtica torre de Bel\u00e9m est\u00e1 orientada hacia la desembocadura del oc\u00e9ano, donde el sol desaparece en el horizonte. <\/p>\n\n\n\n<figure class=\"wp-block-image size-large\"><img loading=\"lazy\" decoding=\"async\" width=\"1008\" height=\"756\" src=\"http:\/\/kuiper-lisbonne.com\/wp-content\/uploads\/2020\/08\/belem_.jpg\" alt=\"la torre de Bel\u00e9m con una puesta de sol de fondo\" class=\"wp-image-679\" srcset=\"https:\/\/kuiper-lisbonne.com\/wp-content\/uploads\/2020\/08\/belem_.jpg 1008w, https:\/\/kuiper-lisbonne.com\/wp-content\/uploads\/2020\/08\/belem_-300x225.jpg 300w, https:\/\/kuiper-lisbonne.com\/wp-content\/uploads\/2020\/08\/belem_-768x576.jpg 768w, https:\/\/kuiper-lisbonne.com\/wp-content\/uploads\/2020\/08\/belem_-600x450.jpg 600w\" sizes=\"auto, (max-width: 1008px) 100vw, 1008px\" \/><\/figure>\n\n\n\n<h3 class=\"wp-block-heading\">el techo de MAAT<\/h3>\n\n\n\n<p>La cubierta del museo de arquitectura est\u00e1 construida para tener un mirador sobre el Tajo, situado entre el puente del 25 de abril y la Torre de Belem. <\/p>\n\n\n\n<figure class=\"wp-block-image size-large\"><img loading=\"lazy\" decoding=\"async\" width=\"1008\" height=\"756\" src=\"http:\/\/kuiper-lisbonne.com\/wp-content\/uploads\/2020\/08\/maat2.jpg\" alt=\"visto desde el tejado del Museo de Arte, Arquitectura y Tecnolog\u00eda de Lisboa sobre el Tajo y el puente del 25 de abril\" class=\"wp-image-683\" srcset=\"https:\/\/kuiper-lisbonne.com\/wp-content\/uploads\/2020\/08\/maat2.jpg 1008w, https:\/\/kuiper-lisbonne.com\/wp-content\/uploads\/2020\/08\/maat2-300x225.jpg 300w, https:\/\/kuiper-lisbonne.com\/wp-content\/uploads\/2020\/08\/maat2-768x576.jpg 768w, https:\/\/kuiper-lisbonne.com\/wp-content\/uploads\/2020\/08\/maat2-600x450.jpg 600w\" sizes=\"auto, (max-width: 1008px) 100vw, 1008px\" \/><\/figure>\n\n\n\n<h3 class=\"wp-block-heading\">Miradouro da Gra\u00e7a<\/h3>\n\n\n\n<p>Se encuentra frente a la iglesia Nossa Senhora da Gra\u00e7a. Su verdadero nombre es el mirador Sophia de Mello Breyner Andersen.<\/p>\n\n\n\n<figure class=\"wp-block-image size-large\"><img loading=\"lazy\" decoding=\"async\" width=\"1008\" height=\"756\" src=\"https:\/\/kuiper-lisbonne.com\/wp-content\/uploads\/2020\/08\/miradouro-da-graca.jpg\" alt=\"Vista de Lisboa desde el mirador Sophia de Mello Breyner Andersen en Gra\u00e7a \" class=\"wp-image-1259\" srcset=\"https:\/\/kuiper-lisbonne.com\/wp-content\/uploads\/2020\/08\/miradouro-da-graca.jpg 1008w, https:\/\/kuiper-lisbonne.com\/wp-content\/uploads\/2020\/08\/miradouro-da-graca-300x225.jpg 300w, https:\/\/kuiper-lisbonne.com\/wp-content\/uploads\/2020\/08\/miradouro-da-graca-768x576.jpg 768w, https:\/\/kuiper-lisbonne.com\/wp-content\/uploads\/2020\/08\/miradouro-da-graca-16x12.jpg 16w, https:\/\/kuiper-lisbonne.com\/wp-content\/uploads\/2020\/08\/miradouro-da-graca-600x450.jpg 600w\" sizes=\"auto, (max-width: 1008px) 100vw, 1008px\" \/><\/figure>\n\n\n\n<h3 class=\"wp-block-heading\">Miradouro das Portas do Sol<\/h3>\n\n\n\n<p>Cerca de la atalaya de Santa Luzia, tiene la ventaja de contar con un quiosco con terraza para \"brindar por el amor\".<\/p>\n\n\n\n<figure class=\"wp-block-image size-large\"><img loading=\"lazy\" decoding=\"async\" width=\"1008\" height=\"756\" src=\"https:\/\/kuiper-lisbonne.com\/wp-content\/uploads\/2020\/08\/miradouro-portas-do-sol.jpg\" alt=\"visto en el barrio de Alfama, el Tajo y una palmera \" class=\"wp-image-1260\" srcset=\"https:\/\/kuiper-lisbonne.com\/wp-content\/uploads\/2020\/08\/miradouro-portas-do-sol.jpg 1008w, https:\/\/kuiper-lisbonne.com\/wp-content\/uploads\/2020\/08\/miradouro-portas-do-sol-300x225.jpg 300w, https:\/\/kuiper-lisbonne.com\/wp-content\/uploads\/2020\/08\/miradouro-portas-do-sol-768x576.jpg 768w, https:\/\/kuiper-lisbonne.com\/wp-content\/uploads\/2020\/08\/miradouro-portas-do-sol-16x12.jpg 16w, https:\/\/kuiper-lisbonne.com\/wp-content\/uploads\/2020\/08\/miradouro-portas-do-sol-600x450.jpg 600w\" sizes=\"auto, (max-width: 1008px) 100vw, 1008px\" \/><\/figure>\n\n\n\n<h3 class=\"wp-block-heading\">tejados<\/h3>\n\n\n\n<p>Las azoteas son incre\u00edbles en Lisboa, ofrecen una magn\u00edfica vista de la ciudad y son perfectas para una cita (v\u00e9ase el art\u00edculo sobre <a rel=\"noreferrer noopener\" href=\"http:\/\/kuiper-lisbonne.com\/index.php\/2020\/08\/18\/les-meilleurs-rooftop-de-lisbonne\/\" target=\"_blank\">tejados<\/a>).<\/p>\n\n\n\n<figure class=\"wp-block-image size-large\"><img loading=\"lazy\" decoding=\"async\" width=\"1008\" height=\"756\" src=\"https:\/\/kuiper-lisbonne.com\/wp-content\/uploads\/2020\/09\/rooftop-kuiper-lisbon.jpg\" alt=\"visto en las azoteas de Lisboa\" class=\"wp-image-1237\" srcset=\"https:\/\/kuiper-lisbonne.com\/wp-content\/uploads\/2020\/09\/rooftop-kuiper-lisbon.jpg 1008w, https:\/\/kuiper-lisbonne.com\/wp-content\/uploads\/2020\/09\/rooftop-kuiper-lisbon-300x225.jpg 300w, https:\/\/kuiper-lisbonne.com\/wp-content\/uploads\/2020\/09\/rooftop-kuiper-lisbon-768x576.jpg 768w, https:\/\/kuiper-lisbonne.com\/wp-content\/uploads\/2020\/09\/rooftop-kuiper-lisbon-16x12.jpg 16w, https:\/\/kuiper-lisbonne.com\/wp-content\/uploads\/2020\/09\/rooftop-kuiper-lisbon-600x450.jpg 600w\" sizes=\"auto, (max-width: 1008px) 100vw, 1008px\" \/><\/figure>\n\n\n\n<h3 class=\"wp-block-heading\">el jard\u00edn del museo Calouste-Gulbenkian<\/h3>\n\n\n\n<p>El museo, con sus obras rom\u00e1nticas como la estatua de Diana, resuena en el jard\u00edn. Los acogedores espacios verdes son ciertamente rom\u00e1nticos (v\u00e9ase el art\u00edculo sobre <a rel=\"noreferrer noopener\" href=\"http:\/\/kuiper-lisbonne.com\/index.php\/2020\/08\/19\/librairies-2\/\" data-type=\"URL\" data-id=\"http:\/\/kuiper-lisbonne.com\/index.php\/2020\/08\/19\/librairies-2\/\" target=\"_blank\">Museos<\/a>).<\/p>\n\n\n\n<figure class=\"wp-block-image size-large\"><img loading=\"lazy\" decoding=\"async\" width=\"1000\" height=\"667\" src=\"https:\/\/kuiper-lisbonne.com\/wp-content\/uploads\/2020\/09\/museu_calouste_gulbenkian.jpg\" alt=\"Sala del museo Calouste Gulbenkian con una estatua de la diosa romana Diana con vistas al verde y florido jard\u00edn del museo\" class=\"wp-image-1214\" srcset=\"https:\/\/kuiper-lisbonne.com\/wp-content\/uploads\/2020\/09\/museu_calouste_gulbenkian.jpg 1000w, https:\/\/kuiper-lisbonne.com\/wp-content\/uploads\/2020\/09\/museu_calouste_gulbenkian-300x200.jpg 300w, https:\/\/kuiper-lisbonne.com\/wp-content\/uploads\/2020\/09\/museu_calouste_gulbenkian-768x512.jpg 768w, https:\/\/kuiper-lisbonne.com\/wp-content\/uploads\/2020\/09\/museu_calouste_gulbenkian-16x12.jpg 16w, https:\/\/kuiper-lisbonne.com\/wp-content\/uploads\/2020\/09\/museu_calouste_gulbenkian-600x400.jpg 600w\" sizes=\"auto, (max-width: 1000px) 100vw, 1000px\" \/><\/figure>\n\n\n\n<h3 class=\"wp-block-heading\">la terraza del Hotel Torel Palace<\/h3>\n\n\n\n<p>Una de las terrazas m\u00e1s chic de Lisboa nos ofrece un panorama \u00fanico. <\/p>\n\n\n\n<figure class=\"wp-block-image size-large\"><img loading=\"lazy\" decoding=\"async\" width=\"1008\" height=\"756\" src=\"https:\/\/kuiper-lisbonne.com\/wp-content\/uploads\/2020\/08\/torel-palace-hotel.jpg\" alt=\"en la terraza del palacio Torel, su jard\u00edn mediterr\u00e1neo y la piscina.  \" class=\"wp-image-1263\" srcset=\"https:\/\/kuiper-lisbonne.com\/wp-content\/uploads\/2020\/08\/torel-palace-hotel.jpg 1008w, https:\/\/kuiper-lisbonne.com\/wp-content\/uploads\/2020\/08\/torel-palace-hotel-300x225.jpg 300w, https:\/\/kuiper-lisbonne.com\/wp-content\/uploads\/2020\/08\/torel-palace-hotel-768x576.jpg 768w, https:\/\/kuiper-lisbonne.com\/wp-content\/uploads\/2020\/08\/torel-palace-hotel-16x12.jpg 16w, https:\/\/kuiper-lisbonne.com\/wp-content\/uploads\/2020\/08\/torel-palace-hotel-600x450.jpg 600w\" sizes=\"auto, (max-width: 1008px) 100vw, 1008px\" \/><\/figure>\n\n\n\n<h3 class=\"wp-block-heading\">bono: restaurante Ponte Final<\/h3>\n\n\n\n<p>En la otra orilla del r\u00edo Tajo, en Almada, en el barrio de Cacilhas, tiene una vista completa de Lisboa.<\/p>\n\n\n\n<figure class=\"wp-block-image size-large\"><img loading=\"lazy\" decoding=\"async\" width=\"1008\" height=\"756\" src=\"http:\/\/kuiper-lisbonne.com\/wp-content\/uploads\/2020\/08\/pontofinal.jpg\" alt=\"vista de la ciudad de Lisboa desde la orilla izquierda del r\u00edo Tajo mesas de restaurante instaladas en las orillas del r\u00edo\" class=\"wp-image-655\" srcset=\"https:\/\/kuiper-lisbonne.com\/wp-content\/uploads\/2020\/08\/pontofinal.jpg 1008w, https:\/\/kuiper-lisbonne.com\/wp-content\/uploads\/2020\/08\/pontofinal-300x225.jpg 300w, https:\/\/kuiper-lisbonne.com\/wp-content\/uploads\/2020\/08\/pontofinal-768x576.jpg 768w, https:\/\/kuiper-lisbonne.com\/wp-content\/uploads\/2020\/08\/pontofinal-600x450.jpg 600w\" sizes=\"auto, (max-width: 1008px) 100vw, 1008px\" \/><\/figure>","protected":false},"excerpt":{"rendered":"<p>Con sus Miradouros, sus plazas empedradas, sus quioscos donde degustar una especialidad portuguesa con una copa de vino, Lisboa es la ciudad rom\u00e1ntica por excelencia. Hemos seleccionado los lugares m\u00e1s rom\u00e1nticos de Lisboa, \u00bflos conoces? Miradouro de Santa Luzia Un sitio bien conocido por los turistas, pero su encanto sigue intacto. [...]<\/p>","protected":false},"author":1,"featured_media":268,"comment_status":"closed","ping_status":"closed","sticky":false,"template":"","format":"standard","meta":{"_monsterinsights_skip_tracking":false,"_monsterinsights_sitenote_active":false,"_monsterinsights_sitenote_note":"","_monsterinsights_sitenote_category":0,"footnotes":""},"categories":[29],"tags":[139],"class_list":["post-266","post","type-post","status-publish","format-standard","has-post-thumbnail","hentry","category-decouverte","tag-decouverte"],"yoast_head":"<!-- This site is optimized with the Yoast SEO plugin v21.2 - https:\/\/yoast.com\/wordpress\/plugins\/seo\/ -->\n<title>Lisbonne romantique - Kuiper<\/title>\n<meta name=\"description\" content=\"Lisbonne est la ville romantique par excellence. Nous avons s\u00e9lectionn\u00e9 les lieux les plus romantiques de Lisbonne, les connaissez-vous ?\" \/>\n<meta name=\"robots\" content=\"index, follow, max-snippet:-1, max-image-preview:large, max-video-preview:-1\" \/>\n<link rel=\"canonical\" href=\"https:\/\/kuiper-lisbonne.com\/es\/lisbonne-romantique\/\" \/>\n<meta property=\"og:locale\" content=\"es_ES\" \/>\n<meta property=\"og:type\" content=\"article\" \/>\n<meta property=\"og:title\" content=\"Lisbonne romantique - Kuiper\" \/>\n<meta property=\"og:description\" content=\"Lisbonne est la ville romantique par excellence. Nous avons s\u00e9lectionn\u00e9 les lieux les plus romantiques de Lisbonne, les connaissez-vous ?\" \/>\n<meta property=\"og:url\" content=\"https:\/\/kuiper-lisbonne.com\/es\/lisbonne-romantique\/\" \/>\n<meta property=\"og:site_name\" content=\"Kuiper\" \/>\n<meta property=\"article:published_time\" content=\"2020-08-08T12:40:15+00:00\" \/>\n<meta property=\"article:modified_time\" content=\"2022-06-29T18:07:16+00:00\" \/>\n<meta property=\"og:image\" content=\"https:\/\/kuiper-lisbonne.com\/wp-content\/uploads\/2020\/08\/romantique1.jpg\" \/>\n\t<meta property=\"og:image:width\" content=\"1008\" \/>\n\t<meta property=\"og:image:height\" content=\"756\" \/>\n\t<meta property=\"og:image:type\" content=\"image\/jpeg\" \/>\n<meta name=\"author\" content=\"David R\" \/>\n<meta name=\"twitter:card\" content=\"summary_large_image\" \/>\n<meta name=\"twitter:label1\" content=\"Escrito por\" \/>\n\t<meta name=\"twitter:data1\" content=\"David R\" \/>\n\t<meta name=\"twitter:label2\" content=\"Tiempo de lectura\" \/>\n\t<meta name=\"twitter:data2\" content=\"4 minutos\" \/>\n<script type=\"application\/ld+json\" class=\"yoast-schema-graph\">{\"@context\":\"https:\/\/schema.org\",\"@graph\":[{\"@type\":\"WebPage\",\"@id\":\"https:\/\/kuiper-lisbonne.com\/lisbonne-romantique\/\",\"url\":\"https:\/\/kuiper-lisbonne.com\/lisbonne-romantique\/\",\"name\":\"Lisbonne romantique - Kuiper\",\"isPartOf\":{\"@id\":\"https:\/\/kuiper-lisbonne.com\/es\/#website\"},\"datePublished\":\"2020-08-08T12:40:15+00:00\",\"dateModified\":\"2022-06-29T18:07:16+00:00\",\"author\":{\"@id\":\"https:\/\/kuiper-lisbonne.com\/es\/#\/schema\/person\/78d19403648d46399949222fbeec90b7\"},\"description\":\"Lisbonne est la ville romantique par excellence. Nous avons s\u00e9lectionn\u00e9 les lieux les plus romantiques de Lisbonne, les connaissez-vous ?\",\"breadcrumb\":{\"@id\":\"https:\/\/kuiper-lisbonne.com\/lisbonne-romantique\/#breadcrumb\"},\"inLanguage\":\"es\",\"potentialAction\":[{\"@type\":\"ReadAction\",\"target\":[\"https:\/\/kuiper-lisbonne.com\/lisbonne-romantique\/\"]}]},{\"@type\":\"BreadcrumbList\",\"@id\":\"https:\/\/kuiper-lisbonne.com\/lisbonne-romantique\/#breadcrumb\",\"itemListElement\":[{\"@type\":\"ListItem\",\"position\":1,\"name\":\"Accueil\",\"item\":\"https:\/\/kuiper-lisbonne.com\/es\/\"},{\"@type\":\"ListItem\",\"position\":2,\"name\":\"Lisbonne romantique\"}]},{\"@type\":\"WebSite\",\"@id\":\"https:\/\/kuiper-lisbonne.com\/es\/#website\",\"url\":\"https:\/\/kuiper-lisbonne.com\/es\/\",\"name\":\"Kuiper\",\"description\":\"le blog de Lisbonne\",\"potentialAction\":[{\"@type\":\"SearchAction\",\"target\":{\"@type\":\"EntryPoint\",\"urlTemplate\":\"https:\/\/kuiper-lisbonne.com\/es\/?s={search_term_string}\"},\"query-input\":\"required name=search_term_string\"}],\"inLanguage\":\"es\"},{\"@type\":\"Person\",\"@id\":\"https:\/\/kuiper-lisbonne.com\/es\/#\/schema\/person\/78d19403648d46399949222fbeec90b7\",\"name\":\"David R\",\"image\":{\"@type\":\"ImageObject\",\"inLanguage\":\"es\",\"@id\":\"https:\/\/kuiper-lisbonne.com\/es\/#\/schema\/person\/image\/\",\"url\":\"https:\/\/secure.gravatar.com\/avatar\/eb569dd50e8ca986708a30abe4b8f779?s=96&d=mm&r=g\",\"contentUrl\":\"https:\/\/secure.gravatar.com\/avatar\/eb569dd50e8ca986708a30abe4b8f779?s=96&d=mm&r=g\",\"caption\":\"David R\"},\"url\":\"https:\/\/kuiper-lisbonne.com\/es\/author\/admin3597\/\"}]}<\/script>\n<!-- \/ Yoast SEO plugin. -->","yoast_head_json":{"title":"Lisbonne romantique - Kuiper","description":"Lisbonne est la ville romantique par excellence. Nous avons s\u00e9lectionn\u00e9 les lieux les plus romantiques de Lisbonne, les connaissez-vous ?","robots":{"index":"index","follow":"follow","max-snippet":"max-snippet:-1","max-image-preview":"max-image-preview:large","max-video-preview":"max-video-preview:-1"},"canonical":"https:\/\/kuiper-lisbonne.com\/es\/lisbonne-romantique\/","og_locale":"es_ES","og_type":"article","og_title":"Lisbonne romantique - Kuiper","og_description":"Lisbonne est la ville romantique par excellence. Nous avons s\u00e9lectionn\u00e9 les lieux les plus romantiques de Lisbonne, les connaissez-vous ?","og_url":"https:\/\/kuiper-lisbonne.com\/es\/lisbonne-romantique\/","og_site_name":"Kuiper","article_published_time":"2020-08-08T12:40:15+00:00","article_modified_time":"2022-06-29T18:07:16+00:00","og_image":[{"width":1008,"height":756,"url":"https:\/\/kuiper-lisbonne.com\/wp-content\/uploads\/2020\/08\/romantique1.jpg","type":"image\/jpeg"}],"author":"David R","twitter_card":"summary_large_image","twitter_misc":{"Escrito por":"David R","Tiempo de lectura":"4 minutos"},"schema":{"@context":"https:\/\/schema.org","@graph":[{"@type":"WebPage","@id":"https:\/\/kuiper-lisbonne.com\/lisbonne-romantique\/","url":"https:\/\/kuiper-lisbonne.com\/lisbonne-romantique\/","name":"Lisbonne romantique - Kuiper","isPartOf":{"@id":"https:\/\/kuiper-lisbonne.com\/es\/#website"},"datePublished":"2020-08-08T12:40:15+00:00","dateModified":"2022-06-29T18:07:16+00:00","author":{"@id":"https:\/\/kuiper-lisbonne.com\/es\/#\/schema\/person\/78d19403648d46399949222fbeec90b7"},"description":"Lisbonne est la ville romantique par excellence. Nous avons s\u00e9lectionn\u00e9 les lieux les plus romantiques de Lisbonne, les connaissez-vous ?","breadcrumb":{"@id":"https:\/\/kuiper-lisbonne.com\/lisbonne-romantique\/#breadcrumb"},"inLanguage":"es","potentialAction":[{"@type":"ReadAction","target":["https:\/\/kuiper-lisbonne.com\/lisbonne-romantique\/"]}]},{"@type":"BreadcrumbList","@id":"https:\/\/kuiper-lisbonne.com\/lisbonne-romantique\/#breadcrumb","itemListElement":[{"@type":"ListItem","position":1,"name":"Accueil","item":"https:\/\/kuiper-lisbonne.com\/es\/"},{"@type":"ListItem","position":2,"name":"Lisbonne romantique"}]},{"@type":"WebSite","@id":"https:\/\/kuiper-lisbonne.com\/es\/#website","url":"https:\/\/kuiper-lisbonne.com\/es\/","name":"Kuiper","description":"le blog de Lisbonne","potentialAction":[{"@type":"SearchAction","target":{"@type":"EntryPoint","urlTemplate":"https:\/\/kuiper-lisbonne.com\/es\/?s={search_term_string}"},"query-input":"required name=search_term_string"}],"inLanguage":"es"},{"@type":"Person","@id":"https:\/\/kuiper-lisbonne.com\/es\/#\/schema\/person\/78d19403648d46399949222fbeec90b7","name":"David R","image":{"@type":"ImageObject","inLanguage":"es","@id":"https:\/\/kuiper-lisbonne.com\/es\/#\/schema\/person\/image\/","url":"https:\/\/secure.gravatar.com\/avatar\/eb569dd50e8ca986708a30abe4b8f779?s=96&d=mm&r=g","contentUrl":"https:\/\/secure.gravatar.com\/avatar\/eb569dd50e8ca986708a30abe4b8f779?s=96&d=mm&r=g","caption":"David R"},"url":"https:\/\/kuiper-lisbonne.com\/es\/author\/admin3597\/"}]}},"_links":{"self":[{"href":"https:\/\/kuiper-lisbonne.com\/es\/wp-json\/wp\/v2\/posts\/266","targetHints":{"allow":["GET"]}}],"collection":[{"href":"https:\/\/kuiper-lisbonne.com\/es\/wp-json\/wp\/v2\/posts"}],"about":[{"href":"https:\/\/kuiper-lisbonne.com\/es\/wp-json\/wp\/v2\/types\/post"}],"author":[{"embeddable":true,"href":"https:\/\/kuiper-lisbonne.com\/es\/wp-json\/wp\/v2\/users\/1"}],"replies":[{"embeddable":true,"href":"https:\/\/kuiper-lisbonne.com\/es\/wp-json\/wp\/v2\/comments?post=266"}],"version-history":[{"count":35,"href":"https:\/\/kuiper-lisbonne.com\/es\/wp-json\/wp\/v2\/posts\/266\/revisions"}],"predecessor-version":[{"id":1316,"href":"https:\/\/kuiper-lisbonne.com\/es\/wp-json\/wp\/v2\/posts\/266\/revisions\/1316"}],"wp:featuredmedia":[{"embeddable":true,"href":"https:\/\/kuiper-lisbonne.com\/es\/wp-json\/wp\/v2\/media\/268"}],"wp:attachment":[{"href":"https:\/\/kuiper-lisbonne.com\/es\/wp-json\/wp\/v2\/media?parent=266"}],"wp:term":[{"taxonomy":"category","embeddable":true,"href":"https:\/\/kuiper-lisbonne.com\/es\/wp-json\/wp\/v2\/categories?post=266"},{"taxonomy":"post_tag","embeddable":true,"href":"https:\/\/kuiper-lisbonne.com\/es\/wp-json\/wp\/v2\/tags?post=266"}],"curies":[{"name":"wp","href":"https:\/\/api.w.org\/{rel}","templated":true}]}}