{"id":1093,"date":"2020-09-10T18:05:00","date_gmt":"2020-09-10T16:05:00","guid":{"rendered":"http:\/\/kuiper-lisbonne.com\/?p=1093"},"modified":"2022-07-13T18:58:48","modified_gmt":"2022-07-13T16:58:48","slug":"quoi-faire-a-lisbonne","status":"publish","type":"post","link":"https:\/\/kuiper-lisbonne.com\/it\/quoi-faire-a-lisbonne\/","title":{"rendered":"Cosa fare a Lisbona La nostra top 10"},"content":{"rendered":"<p>Vi presentiamo il meglio di Lisbona, i luoghi da non perdere. Ecco la nostra classifica<\/p>\n\n\n\n<h3 class=\"wp-block-heading\">Castello di Saint-Georges<\/h3>\n\n\n\n<p>In cima alla collina pi\u00f9 alta di Lisbona si trova il Castello di San Giorgio. Con una vista mozzafiato sulla citt\u00e0 e un sito storico risalente all'epoca medievale, il Castello Moresco \u00e8 una tappa obbligata di Lisbona. Per raggiungere il castello si pu\u00f2 prendere l'emblematico tram 28 da piazza Martim Moniz o i tuk-tuk elettrici che salgono fino all'Alfama.<\/p>\n\n\n\n<figure class=\"wp-block-image size-large\"><img loading=\"lazy\" decoding=\"async\" width=\"1024\" height=\"576\" src=\"https:\/\/kuiper-lisbonne.com\/wp-content\/uploads\/2020\/09\/castelo-sao-jorge-1024x576.jpg\" alt=\"vista del quartiere di Freguesia de Castelo con il castello di Saint-Georges\" class=\"wp-image-1253\" srcset=\"https:\/\/kuiper-lisbonne.com\/wp-content\/uploads\/2020\/09\/castelo-sao-jorge-1024x576.jpg 1024w, https:\/\/kuiper-lisbonne.com\/wp-content\/uploads\/2020\/09\/castelo-sao-jorge-300x169.jpg 300w, https:\/\/kuiper-lisbonne.com\/wp-content\/uploads\/2020\/09\/castelo-sao-jorge-768x432.jpg 768w, https:\/\/kuiper-lisbonne.com\/wp-content\/uploads\/2020\/09\/castelo-sao-jorge-16x9.jpg 16w, https:\/\/kuiper-lisbonne.com\/wp-content\/uploads\/2020\/09\/castelo-sao-jorge.jpg 1160w, https:\/\/kuiper-lisbonne.com\/wp-content\/uploads\/2020\/09\/castelo-sao-jorge-600x338.jpg 600w\" sizes=\"auto, (max-width: 1024px) 100vw, 1024px\" \/><\/figure>\n\n\n\n<h3 class=\"wp-block-heading\">Bel\u00e9m<\/h3>\n\n\n\n<p>Il quartiere di Bel\u00e9m \u00e8 bellissimo con i suoi edifici simbolo come la Torre di Bel\u00e9m o il Monastero dei Geronimi. Questi monumenti si affacciano sulla riva del Tago e sono incredibili.<\/p>\n\n\n\n<figure class=\"wp-block-image size-large\"><img loading=\"lazy\" decoding=\"async\" width=\"1008\" height=\"756\" src=\"http:\/\/kuiper-lisbonne.com\/wp-content\/uploads\/2020\/11\/belem2.jpg\" alt=\"Torre di Belem sul fiume Tago\" class=\"wp-image-1057\" srcset=\"https:\/\/kuiper-lisbonne.com\/wp-content\/uploads\/2020\/11\/belem2.jpg 1008w, https:\/\/kuiper-lisbonne.com\/wp-content\/uploads\/2020\/11\/belem2-300x225.jpg 300w, https:\/\/kuiper-lisbonne.com\/wp-content\/uploads\/2020\/11\/belem2-768x576.jpg 768w, https:\/\/kuiper-lisbonne.com\/wp-content\/uploads\/2020\/11\/belem2-600x450.jpg 600w\" sizes=\"auto, (max-width: 1008px) 100vw, 1008px\" \/><\/figure>\n\n\n\n<h3 class=\"wp-block-heading\">Punto di vista di S\u00e3o Pedro de Alc\u00e3ntara<\/h3>\n\n\n\n<p>Lisbona ha molti mirador (miradouros) notevoli che offrono una vista sulla citt\u00e0. Il belvedere di S\u00e3o Pedro de Alc\u00e3ntara merita sicuramente una visita. Situato a nord del Bairro Alto, ha un'atmosfera romantica (si veda l'articolo Lisbona <a href=\"http:\/\/kuiper-lisbonne.com\/index.php\/2020\/08\/08\/lisbonne-romantique\/\">romantico<\/a>).<\/p>\n\n\n\n<figure class=\"wp-block-image size-large\"><img loading=\"lazy\" decoding=\"async\" width=\"1008\" height=\"756\" src=\"https:\/\/kuiper-lisbonne.com\/wp-content\/uploads\/2020\/09\/miradouro-Alcantara.jpg\" alt=\"Punto di vista sulla citt\u00e0 di Lisbona e in primo piano il giardino del miradouro S\u00e3o Pedro de Alc\u00e3ntara\" class=\"wp-image-1195\" srcset=\"https:\/\/kuiper-lisbonne.com\/wp-content\/uploads\/2020\/09\/miradouro-Alcantara.jpg 1008w, https:\/\/kuiper-lisbonne.com\/wp-content\/uploads\/2020\/09\/miradouro-Alcantara-300x225.jpg 300w, https:\/\/kuiper-lisbonne.com\/wp-content\/uploads\/2020\/09\/miradouro-Alcantara-768x576.jpg 768w, https:\/\/kuiper-lisbonne.com\/wp-content\/uploads\/2020\/09\/miradouro-Alcantara-16x12.jpg 16w, https:\/\/kuiper-lisbonne.com\/wp-content\/uploads\/2020\/09\/miradouro-Alcantara-600x450.jpg 600w\" sizes=\"auto, (max-width: 1008px) 100vw, 1008px\" \/><\/figure>\n\n\n\n<h3 class=\"wp-block-heading\">L'Arco di Trionfo e la Piazza del Commercio<\/h3>\n\n\n\n<p>Alla fine della via pedonale Augusta si arriva all'apertura dell'Arco di Trionfo e alla grande piazza (Pra\u00e7a do Com\u00e9rcio). La maestosa piazza si affaccia sul fiume Tago, vedi l'articolo sulle piazze pi\u00f9 belle del mondo. <a rel=\"noreferrer noopener\" href=\"http:\/\/kuiper-lisbonne.com\/index.php\/2020\/09\/02\/les-plus-belles-places-de-lisbonne\/\" target=\"_blank\">Lisbona<\/a>. Qui \u00e8 possibile prendere il tram per Bel\u00e9m o la fabbrica LX. \u00c8 anche possibile salire sul tetto dell'Arco di Trionfo per godersi la vista.<\/p>\n\n\n\n<figure class=\"wp-block-image size-large\"><img loading=\"lazy\" decoding=\"async\" width=\"1008\" height=\"756\" src=\"https:\/\/kuiper-lisbonne.com\/wp-content\/uploads\/2020\/09\/praca_do_comercio.jpg\" alt=\"La pi\u00f9 grande piazza di Lisbona, la Pra\u00e7a do Com\u00e9rcio o Piazza del Commercio, \u00e8 circondata da edifici con portici gialli.\" class=\"wp-image-1198\" srcset=\"https:\/\/kuiper-lisbonne.com\/wp-content\/uploads\/2020\/09\/praca_do_comercio.jpg 1008w, https:\/\/kuiper-lisbonne.com\/wp-content\/uploads\/2020\/09\/praca_do_comercio-300x225.jpg 300w, https:\/\/kuiper-lisbonne.com\/wp-content\/uploads\/2020\/09\/praca_do_comercio-768x576.jpg 768w, https:\/\/kuiper-lisbonne.com\/wp-content\/uploads\/2020\/09\/praca_do_comercio-16x12.jpg 16w, https:\/\/kuiper-lisbonne.com\/wp-content\/uploads\/2020\/09\/praca_do_comercio-600x450.jpg 600w\" sizes=\"auto, (max-width: 1008px) 100vw, 1008px\" \/><\/figure>\n\n\n\n<h3 class=\"wp-block-heading\">Bairro Alto<\/h3>\n\n\n\n<p>Il quartiere Bairro Alto \u00e8 il quartiere della festa e della vita notturna di Lisbona. \u00c8 il quartiere pi\u00f9 vivace con le sue stradine al tramonto.<\/p>\n\n\n\n<figure class=\"wp-block-image size-large\"><img loading=\"lazy\" decoding=\"async\" width=\"1008\" height=\"756\" src=\"https:\/\/kuiper-lisbonne.com\/wp-content\/uploads\/2020\/09\/bairro-alto.jpg\" alt=\"vista dall&#039;alto in una strada del quartiere Bairro Alto di Lisbona\" class=\"wp-image-1184\" srcset=\"https:\/\/kuiper-lisbonne.com\/wp-content\/uploads\/2020\/09\/bairro-alto.jpg 1008w, https:\/\/kuiper-lisbonne.com\/wp-content\/uploads\/2020\/09\/bairro-alto-300x225.jpg 300w, https:\/\/kuiper-lisbonne.com\/wp-content\/uploads\/2020\/09\/bairro-alto-768x576.jpg 768w, https:\/\/kuiper-lisbonne.com\/wp-content\/uploads\/2020\/09\/bairro-alto-16x12.jpg 16w, https:\/\/kuiper-lisbonne.com\/wp-content\/uploads\/2020\/09\/bairro-alto-600x450.jpg 600w\" sizes=\"auto, (max-width: 1008px) 100vw, 1008px\" \/><\/figure>\n\n\n\n<h3 class=\"wp-block-heading\">Alfama<\/h3>\n\n\n\n<p>Il quartiere Alfama \u00e8 uno dei pi\u00f9 antichi della citt\u00e0 e si estende dal Castello di San Giorgio al fiume. Cuore storico di Lisbona, il quartiere \u00e8 oggi la cartolina della citt\u00e0. Su alcune colline tortuose spiccano cattedrali, chiese e case portoghesi.<\/p>\n\n\n\n<figure class=\"wp-block-image size-large\"><img loading=\"lazy\" decoding=\"async\" width=\"1008\" height=\"756\" src=\"http:\/\/kuiper-lisbonne.com\/wp-content\/uploads\/2020\/11\/alfama.jpg\" alt=\"nel quartiere dell&#039;Alfama e la statua di San Vincenzo o San Vicente\" class=\"wp-image-1061\" srcset=\"https:\/\/kuiper-lisbonne.com\/wp-content\/uploads\/2020\/11\/alfama.jpg 1008w, https:\/\/kuiper-lisbonne.com\/wp-content\/uploads\/2020\/11\/alfama-300x225.jpg 300w, https:\/\/kuiper-lisbonne.com\/wp-content\/uploads\/2020\/11\/alfama-768x576.jpg 768w, https:\/\/kuiper-lisbonne.com\/wp-content\/uploads\/2020\/11\/alfama-600x450.jpg 600w\" sizes=\"auto, (max-width: 1008px) 100vw, 1008px\" \/><\/figure>\n\n\n\n<h3 class=\"wp-block-heading\">Lungo il Tago<\/h3>\n\n\n\n<p>Da Oriente a Bel\u00e9m, lungo il fiume Tago, la citt\u00e0 offre ampi spazi aperti con vista sul fiume. Lungo il fiume, gli edifici sono pi\u00f9 distanziati, sono stati installati monumenti storici e ne sono stati costruiti di nuovi. Le rive del Tago stanno subendo una metamorfosi, come la creazione della pista ciclabile (si veda l'articolo Lisbon to<a rel=\"noreferrer noopener\" href=\"http:\/\/kuiper-lisbonne.com\/index.php\/2020\/09\/05\/visiter-lisbonne-a-velo\/\" target=\"_blank\"> bicicletta<\/a> ).<\/p>\n\n\n\n<figure class=\"wp-block-image size-large\"><img loading=\"lazy\" decoding=\"async\" width=\"765\" height=\"575\" src=\"https:\/\/kuiper-lisbonne.com\/wp-content\/uploads\/2020\/09\/padrao-dos-descobrimentos.jpg\" alt=\"lungo il fiume Tago davanti al monumento alle scoperte, al Padr\u0101o Dos Descobrimentos e al ponte del 25 aprile \" class=\"wp-image-1186\" srcset=\"https:\/\/kuiper-lisbonne.com\/wp-content\/uploads\/2020\/09\/padrao-dos-descobrimentos.jpg 765w, https:\/\/kuiper-lisbonne.com\/wp-content\/uploads\/2020\/09\/padrao-dos-descobrimentos-300x225.jpg 300w, https:\/\/kuiper-lisbonne.com\/wp-content\/uploads\/2020\/09\/padrao-dos-descobrimentos-16x12.jpg 16w, https:\/\/kuiper-lisbonne.com\/wp-content\/uploads\/2020\/09\/padrao-dos-descobrimentos-600x451.jpg 600w\" sizes=\"auto, (max-width: 765px) 100vw, 765px\" \/><\/figure>\n\n\n\n<h2 class=\"wp-block-heading\">La fabbrica LX<\/h2>\n\n\n\n<p>Un'ex fabbrica trasformata in spazi per residenze d'artista e altri negozi e ristoranti di design. Naturalmente la sera vengono organizzati eventi, come inaugurazioni, concerti o letture, come nella famosa libreria (vedi articolo sulle librerie). <a rel=\"noreferrer noopener\" href=\"http:\/\/kuiper-lisbonne.com\/index.php\/2020\/08\/03\/les-librairies-francophones\/\" target=\"_blank\">Francofoni<\/a>).<\/p>\n\n\n\n<figure class=\"wp-block-image size-large\"><img loading=\"lazy\" decoding=\"async\" width=\"1024\" height=\"683\" src=\"https:\/\/kuiper-lisbonne.com\/wp-content\/uploads\/2020\/09\/LX-Factory-1024x683.jpg\" alt=\"strada pedonale acciottolata della Fabbrica LX con i suoi negozi e alcuni acquirenti e motorini \" class=\"wp-image-1188\" srcset=\"https:\/\/kuiper-lisbonne.com\/wp-content\/uploads\/2020\/09\/LX-Factory-1024x683.jpg 1024w, https:\/\/kuiper-lisbonne.com\/wp-content\/uploads\/2020\/09\/LX-Factory-300x200.jpg 300w, https:\/\/kuiper-lisbonne.com\/wp-content\/uploads\/2020\/09\/LX-Factory-768x512.jpg 768w, https:\/\/kuiper-lisbonne.com\/wp-content\/uploads\/2020\/09\/LX-Factory-16x12.jpg 16w, https:\/\/kuiper-lisbonne.com\/wp-content\/uploads\/2020\/09\/LX-Factory-600x400.jpg 600w, https:\/\/kuiper-lisbonne.com\/wp-content\/uploads\/2020\/09\/LX-Factory.jpg 1240w\" sizes=\"auto, (max-width: 1024px) 100vw, 1024px\" \/><\/figure>\n\n\n\n<h3 class=\"wp-block-heading\">Marchese di Pombal<\/h3>\n\n\n\n<p>La statua del Marchese di Pombal e il grande giardino Eduardo VII offrono una magnifica vista sulla baia di Lisbona.<\/p>\n\n\n\n<figure class=\"wp-block-image size-large\"><img loading=\"lazy\" decoding=\"async\" width=\"1008\" height=\"756\" src=\"https:\/\/kuiper-lisbonne.com\/wp-content\/uploads\/2020\/09\/jardim-eduardo.jpg\" alt=\"prospettiva del Parco Eduardo VII e della Piazza Marques de Pombal\" class=\"wp-image-1190\" srcset=\"https:\/\/kuiper-lisbonne.com\/wp-content\/uploads\/2020\/09\/jardim-eduardo.jpg 1008w, https:\/\/kuiper-lisbonne.com\/wp-content\/uploads\/2020\/09\/jardim-eduardo-300x225.jpg 300w, https:\/\/kuiper-lisbonne.com\/wp-content\/uploads\/2020\/09\/jardim-eduardo-768x576.jpg 768w, https:\/\/kuiper-lisbonne.com\/wp-content\/uploads\/2020\/09\/jardim-eduardo-16x12.jpg 16w, https:\/\/kuiper-lisbonne.com\/wp-content\/uploads\/2020\/09\/jardim-eduardo-600x450.jpg 600w\" sizes=\"auto, (max-width: 1008px) 100vw, 1008px\" \/><\/figure>\n\n\n\n<h3 class=\"wp-block-heading\">Il Time Out<\/h3>\n\n\n\n<p>Il mercato coperto Mercado da Ribeira, vicino al terminal dei traghetti di Cais do Sodr\u00e9, \u00e8 stato rinnovato e ha aperto uno spazio dedicato alla gastronomia. Time Out \u00e8 una food court con un gran numero di ristoratori che offrono specialit\u00e0 portoghesi, da chef rinomati a pasticcini e vini, in una location atipica.<\/p>\n\n\n\n<figure class=\"wp-block-image size-large\"><img loading=\"lazy\" decoding=\"async\" width=\"1008\" height=\"756\" src=\"https:\/\/kuiper-lisbonne.com\/wp-content\/uploads\/2020\/09\/time-out-market.jpg\" alt=\"l&#039;interno del mercato coperto trasformato in un&#039;enorme area di ristorazione \" class=\"wp-image-1192\" srcset=\"https:\/\/kuiper-lisbonne.com\/wp-content\/uploads\/2020\/09\/time-out-market.jpg 1008w, https:\/\/kuiper-lisbonne.com\/wp-content\/uploads\/2020\/09\/time-out-market-300x225.jpg 300w, https:\/\/kuiper-lisbonne.com\/wp-content\/uploads\/2020\/09\/time-out-market-768x576.jpg 768w, https:\/\/kuiper-lisbonne.com\/wp-content\/uploads\/2020\/09\/time-out-market-16x12.jpg 16w, https:\/\/kuiper-lisbonne.com\/wp-content\/uploads\/2020\/09\/time-out-market-600x450.jpg 600w\" sizes=\"auto, (max-width: 1008px) 100vw, 1008px\" \/><\/figure>\n\n\n\n<h3 class=\"wp-block-heading\">Bonus : Sintra<\/h3>\n\n\n\n<p>Una gita a Sintra per visitare i castelli e i palazzi e i loro sontuosi giardini \u00e8 d'obbligo. Situato a 25 km da Lisbona, \u00e8 raggiungibile in treno dalla stazione di Rossio o Oriente.<\/p>\n\n\n\n<figure class=\"wp-block-image size-large\"><img loading=\"lazy\" decoding=\"async\" width=\"1019\" height=\"435\" src=\"http:\/\/kuiper-lisbonne.com\/wp-content\/uploads\/2020\/11\/sintra.jpg\" alt=\"vista panoramica del Palazzo Nazionale di Pena, emblematica facciata giallo e rosso ocra\" class=\"wp-image-1066\" srcset=\"https:\/\/kuiper-lisbonne.com\/wp-content\/uploads\/2020\/11\/sintra.jpg 1019w, https:\/\/kuiper-lisbonne.com\/wp-content\/uploads\/2020\/11\/sintra-300x128.jpg 300w, https:\/\/kuiper-lisbonne.com\/wp-content\/uploads\/2020\/11\/sintra-768x328.jpg 768w, https:\/\/kuiper-lisbonne.com\/wp-content\/uploads\/2020\/11\/sintra-600x256.jpg 600w\" sizes=\"auto, (max-width: 1019px) 100vw, 1019px\" \/><\/figure>","protected":false},"excerpt":{"rendered":"<p>Ici nous pr\u00e9sentons le meilleur de Lisbonne, les incontournables. Voici notre classement Le ch\u00e2teau Saint-Georges Au somment de la colline la plus haute de Lisbonne se trouve le Ch\u00e2teau Saint-Georges. Vue imprenable sur la ville, lieu historique de l\u2019\u00e9poque m\u00e9di\u00e9vale, le ch\u00e2teau Maures est l\u2019incontournable de Lisbonne. Pour se rendre au ch\u00e2teau il y a [&hellip;]<\/p>","protected":false},"author":1,"featured_media":1236,"comment_status":"closed","ping_status":"closed","sticky":false,"template":"","format":"standard","meta":{"_monsterinsights_skip_tracking":false,"_monsterinsights_sitenote_active":false,"_monsterinsights_sitenote_note":"","_monsterinsights_sitenote_category":0,"footnotes":""},"categories":[142],"tags":[140],"class_list":["post-1093","post","type-post","status-publish","format-standard","has-post-thumbnail","hentry","category-visiter","tag-visiter"],"yoast_head":"<!-- This site is optimized with the Yoast SEO plugin v21.2 - https:\/\/yoast.com\/wordpress\/plugins\/seo\/ -->\n<title>Quoi faire \u00e0 Lisbonne ? Notre top 10 - Kuiper<\/title>\n<meta name=\"description\" content=\"Lisbonne poss\u00e8de de nombreux b\u00e2timents historiques et iconiques \u00e0 d\u00e9couvrir ainsi que des jardins et autres lieux remarquables, voici notre classement\" \/>\n<meta name=\"robots\" content=\"index, follow, max-snippet:-1, max-image-preview:large, max-video-preview:-1\" \/>\n<link rel=\"canonical\" href=\"https:\/\/kuiper-lisbonne.com\/it\/quoi-faire-a-lisbonne\/\" \/>\n<meta property=\"og:locale\" content=\"it_IT\" \/>\n<meta property=\"og:type\" content=\"article\" \/>\n<meta property=\"og:title\" content=\"Quoi faire \u00e0 Lisbonne ? Notre top 10 - Kuiper\" \/>\n<meta property=\"og:description\" content=\"Lisbonne poss\u00e8de de nombreux b\u00e2timents historiques et iconiques \u00e0 d\u00e9couvrir ainsi que des jardins et autres lieux remarquables, voici notre classement\" \/>\n<meta property=\"og:url\" content=\"https:\/\/kuiper-lisbonne.com\/it\/quoi-faire-a-lisbonne\/\" \/>\n<meta property=\"og:site_name\" content=\"Kuiper\" \/>\n<meta property=\"article:published_time\" content=\"2020-09-10T16:05:00+00:00\" \/>\n<meta property=\"article:modified_time\" content=\"2022-07-13T16:58:48+00:00\" \/>\n<meta property=\"og:image\" content=\"https:\/\/kuiper-lisbonne.com\/wp-content\/uploads\/2020\/09\/sunset-kuiper-lisbon.jpg\" \/>\n\t<meta property=\"og:image:width\" content=\"1008\" \/>\n\t<meta property=\"og:image:height\" content=\"756\" \/>\n\t<meta property=\"og:image:type\" content=\"image\/jpeg\" \/>\n<meta name=\"author\" content=\"David R\" \/>\n<meta name=\"twitter:card\" content=\"summary_large_image\" \/>\n<meta name=\"twitter:label1\" content=\"Scritto da\" \/>\n\t<meta name=\"twitter:data1\" content=\"David R\" \/>\n\t<meta name=\"twitter:label2\" content=\"Tempo di lettura stimato\" \/>\n\t<meta name=\"twitter:data2\" content=\"5 minuti\" \/>\n<script type=\"application\/ld+json\" class=\"yoast-schema-graph\">{\"@context\":\"https:\/\/schema.org\",\"@graph\":[{\"@type\":\"WebPage\",\"@id\":\"https:\/\/kuiper-lisbonne.com\/quoi-faire-a-lisbonne\/\",\"url\":\"https:\/\/kuiper-lisbonne.com\/quoi-faire-a-lisbonne\/\",\"name\":\"Quoi faire \u00e0 Lisbonne ? Notre top 10 - Kuiper\",\"isPartOf\":{\"@id\":\"https:\/\/kuiper-lisbonne.com\/es\/#website\"},\"datePublished\":\"2020-09-10T16:05:00+00:00\",\"dateModified\":\"2022-07-13T16:58:48+00:00\",\"author\":{\"@id\":\"https:\/\/kuiper-lisbonne.com\/es\/#\/schema\/person\/78d19403648d46399949222fbeec90b7\"},\"description\":\"Lisbonne poss\u00e8de de nombreux b\u00e2timents historiques et iconiques \u00e0 d\u00e9couvrir ainsi que des jardins et autres lieux remarquables, voici notre classement\",\"breadcrumb\":{\"@id\":\"https:\/\/kuiper-lisbonne.com\/quoi-faire-a-lisbonne\/#breadcrumb\"},\"inLanguage\":\"it-IT\",\"potentialAction\":[{\"@type\":\"ReadAction\",\"target\":[\"https:\/\/kuiper-lisbonne.com\/quoi-faire-a-lisbonne\/\"]}]},{\"@type\":\"BreadcrumbList\",\"@id\":\"https:\/\/kuiper-lisbonne.com\/quoi-faire-a-lisbonne\/#breadcrumb\",\"itemListElement\":[{\"@type\":\"ListItem\",\"position\":1,\"name\":\"Accueil\",\"item\":\"https:\/\/kuiper-lisbonne.com\/es\/\"},{\"@type\":\"ListItem\",\"position\":2,\"name\":\"Quoi faire \u00e0 Lisbonne ? Notre top 10\"}]},{\"@type\":\"WebSite\",\"@id\":\"https:\/\/kuiper-lisbonne.com\/es\/#website\",\"url\":\"https:\/\/kuiper-lisbonne.com\/es\/\",\"name\":\"Kuiper\",\"description\":\"le blog de Lisbonne\",\"potentialAction\":[{\"@type\":\"SearchAction\",\"target\":{\"@type\":\"EntryPoint\",\"urlTemplate\":\"https:\/\/kuiper-lisbonne.com\/es\/?s={search_term_string}\"},\"query-input\":\"required name=search_term_string\"}],\"inLanguage\":\"it-IT\"},{\"@type\":\"Person\",\"@id\":\"https:\/\/kuiper-lisbonne.com\/es\/#\/schema\/person\/78d19403648d46399949222fbeec90b7\",\"name\":\"David R\",\"image\":{\"@type\":\"ImageObject\",\"inLanguage\":\"it-IT\",\"@id\":\"https:\/\/kuiper-lisbonne.com\/es\/#\/schema\/person\/image\/\",\"url\":\"https:\/\/secure.gravatar.com\/avatar\/eb569dd50e8ca986708a30abe4b8f779?s=96&d=mm&r=g\",\"contentUrl\":\"https:\/\/secure.gravatar.com\/avatar\/eb569dd50e8ca986708a30abe4b8f779?s=96&d=mm&r=g\",\"caption\":\"David R\"},\"url\":\"https:\/\/kuiper-lisbonne.com\/it\/author\/admin3597\/\"}]}<\/script>\n<!-- \/ Yoast SEO plugin. -->","yoast_head_json":{"title":"Quoi faire \u00e0 Lisbonne ? Notre top 10 - Kuiper","description":"Lisbonne poss\u00e8de de nombreux b\u00e2timents historiques et iconiques \u00e0 d\u00e9couvrir ainsi que des jardins et autres lieux remarquables, voici notre classement","robots":{"index":"index","follow":"follow","max-snippet":"max-snippet:-1","max-image-preview":"max-image-preview:large","max-video-preview":"max-video-preview:-1"},"canonical":"https:\/\/kuiper-lisbonne.com\/it\/quoi-faire-a-lisbonne\/","og_locale":"it_IT","og_type":"article","og_title":"Quoi faire \u00e0 Lisbonne ? Notre top 10 - Kuiper","og_description":"Lisbonne poss\u00e8de de nombreux b\u00e2timents historiques et iconiques \u00e0 d\u00e9couvrir ainsi que des jardins et autres lieux remarquables, voici notre classement","og_url":"https:\/\/kuiper-lisbonne.com\/it\/quoi-faire-a-lisbonne\/","og_site_name":"Kuiper","article_published_time":"2020-09-10T16:05:00+00:00","article_modified_time":"2022-07-13T16:58:48+00:00","og_image":[{"width":1008,"height":756,"url":"https:\/\/kuiper-lisbonne.com\/wp-content\/uploads\/2020\/09\/sunset-kuiper-lisbon.jpg","type":"image\/jpeg"}],"author":"David R","twitter_card":"summary_large_image","twitter_misc":{"Scritto da":"David R","Tempo di lettura stimato":"5 minuti"},"schema":{"@context":"https:\/\/schema.org","@graph":[{"@type":"WebPage","@id":"https:\/\/kuiper-lisbonne.com\/quoi-faire-a-lisbonne\/","url":"https:\/\/kuiper-lisbonne.com\/quoi-faire-a-lisbonne\/","name":"Quoi faire \u00e0 Lisbonne ? Notre top 10 - Kuiper","isPartOf":{"@id":"https:\/\/kuiper-lisbonne.com\/es\/#website"},"datePublished":"2020-09-10T16:05:00+00:00","dateModified":"2022-07-13T16:58:48+00:00","author":{"@id":"https:\/\/kuiper-lisbonne.com\/es\/#\/schema\/person\/78d19403648d46399949222fbeec90b7"},"description":"Lisbonne poss\u00e8de de nombreux b\u00e2timents historiques et iconiques \u00e0 d\u00e9couvrir ainsi que des jardins et autres lieux remarquables, voici notre classement","breadcrumb":{"@id":"https:\/\/kuiper-lisbonne.com\/quoi-faire-a-lisbonne\/#breadcrumb"},"inLanguage":"it-IT","potentialAction":[{"@type":"ReadAction","target":["https:\/\/kuiper-lisbonne.com\/quoi-faire-a-lisbonne\/"]}]},{"@type":"BreadcrumbList","@id":"https:\/\/kuiper-lisbonne.com\/quoi-faire-a-lisbonne\/#breadcrumb","itemListElement":[{"@type":"ListItem","position":1,"name":"Accueil","item":"https:\/\/kuiper-lisbonne.com\/es\/"},{"@type":"ListItem","position":2,"name":"Quoi faire \u00e0 Lisbonne ? Notre top 10"}]},{"@type":"WebSite","@id":"https:\/\/kuiper-lisbonne.com\/es\/#website","url":"https:\/\/kuiper-lisbonne.com\/es\/","name":"Kuiper","description":"le blog de Lisbonne","potentialAction":[{"@type":"SearchAction","target":{"@type":"EntryPoint","urlTemplate":"https:\/\/kuiper-lisbonne.com\/es\/?s={search_term_string}"},"query-input":"required name=search_term_string"}],"inLanguage":"it-IT"},{"@type":"Person","@id":"https:\/\/kuiper-lisbonne.com\/es\/#\/schema\/person\/78d19403648d46399949222fbeec90b7","name":"David R","image":{"@type":"ImageObject","inLanguage":"it-IT","@id":"https:\/\/kuiper-lisbonne.com\/es\/#\/schema\/person\/image\/","url":"https:\/\/secure.gravatar.com\/avatar\/eb569dd50e8ca986708a30abe4b8f779?s=96&d=mm&r=g","contentUrl":"https:\/\/secure.gravatar.com\/avatar\/eb569dd50e8ca986708a30abe4b8f779?s=96&d=mm&r=g","caption":"David R"},"url":"https:\/\/kuiper-lisbonne.com\/it\/author\/admin3597\/"}]}},"_links":{"self":[{"href":"https:\/\/kuiper-lisbonne.com\/it\/wp-json\/wp\/v2\/posts\/1093","targetHints":{"allow":["GET"]}}],"collection":[{"href":"https:\/\/kuiper-lisbonne.com\/it\/wp-json\/wp\/v2\/posts"}],"about":[{"href":"https:\/\/kuiper-lisbonne.com\/it\/wp-json\/wp\/v2\/types\/post"}],"author":[{"embeddable":true,"href":"https:\/\/kuiper-lisbonne.com\/it\/wp-json\/wp\/v2\/users\/1"}],"replies":[{"embeddable":true,"href":"https:\/\/kuiper-lisbonne.com\/it\/wp-json\/wp\/v2\/comments?post=1093"}],"version-history":[{"count":11,"href":"https:\/\/kuiper-lisbonne.com\/it\/wp-json\/wp\/v2\/posts\/1093\/revisions"}],"predecessor-version":[{"id":1340,"href":"https:\/\/kuiper-lisbonne.com\/it\/wp-json\/wp\/v2\/posts\/1093\/revisions\/1340"}],"wp:featuredmedia":[{"embeddable":true,"href":"https:\/\/kuiper-lisbonne.com\/it\/wp-json\/wp\/v2\/media\/1236"}],"wp:attachment":[{"href":"https:\/\/kuiper-lisbonne.com\/it\/wp-json\/wp\/v2\/media?parent=1093"}],"wp:term":[{"taxonomy":"category","embeddable":true,"href":"https:\/\/kuiper-lisbonne.com\/it\/wp-json\/wp\/v2\/categories?post=1093"},{"taxonomy":"post_tag","embeddable":true,"href":"https:\/\/kuiper-lisbonne.com\/it\/wp-json\/wp\/v2\/tags?post=1093"}],"curies":[{"name":"wp","href":"https:\/\/api.w.org\/{rel}","templated":true}]}}