{"id":263,"date":"2020-09-02T14:20:15","date_gmt":"2020-09-02T12:20:15","guid":{"rendered":"http:\/\/kuiper-lisbonne.com\/?p=263"},"modified":"2022-06-29T20:06:49","modified_gmt":"2022-06-29T18:06:49","slug":"les-plus-belles-places-de-lisbonne","status":"publish","type":"post","link":"https:\/\/kuiper-lisbonne.com\/it\/les-plus-belles-places-de-lisbonne\/","title":{"rendered":"Le piazze pi\u00f9 belle di Lisbona"},"content":{"rendered":"<p>Lisbona \u00e8 una citt\u00e0 piacevole e le sue piazze sono un esempio perfetto di come godersela. Dalle pi\u00f9 grandi alle pi\u00f9 intime, Lisbona offre una grande variet\u00e0 di piazze pavimentate. <\/p>\n\n\n\n<h3 class=\"wp-block-heading\">Pra\u00e7a do com\u00e9rcio (Piazza del Commercio)<\/h3>\n\n\n\n<p>La Piazza Commerciale \u00e8 la pi\u00f9 grande piazza di Lisbona. Questa piazza ha ospitato il Palazzo Reale per quattro secoli, da cui il nome con cui viene ancora chiamata.&nbsp;<em>Terreiro do Pa\u00e7o<\/em>&nbsp;(piazza del palazzo). La piazza si affaccia direttamente sul fiume Tago, dove un tempo le barche arrivavano direttamente al Palazzo Reale. Prima del terremoto e della sua distruzione, il palazzo chiudeva la piazza.  Al centro della piazza si trova la statua del re Joseh I del Portogallo. La piazza \u00e8 la pi\u00f9 famosa di Lisbona, con il suo arco di trionfo e i suoi grandi ristoranti negli edifici porticati circostanti. Un luogo emblematico situato nel centro della citt\u00e0. <\/p>\n\n\n\n<figure class=\"wp-block-image size-large\"><img loading=\"lazy\" decoding=\"async\" width=\"1008\" height=\"756\" src=\"https:\/\/kuiper-lisbonne.com\/wp-content\/uploads\/2020\/09\/praca-comercio.jpg\" alt=\"Place du Commerce con la statua del re Joseh I del Portogallo\" class=\"wp-image-1239\" srcset=\"https:\/\/kuiper-lisbonne.com\/wp-content\/uploads\/2020\/09\/praca-comercio.jpg 1008w, https:\/\/kuiper-lisbonne.com\/wp-content\/uploads\/2020\/09\/praca-comercio-300x225.jpg 300w, https:\/\/kuiper-lisbonne.com\/wp-content\/uploads\/2020\/09\/praca-comercio-768x576.jpg 768w, https:\/\/kuiper-lisbonne.com\/wp-content\/uploads\/2020\/09\/praca-comercio-16x12.jpg 16w, https:\/\/kuiper-lisbonne.com\/wp-content\/uploads\/2020\/09\/praca-comercio-600x450.jpg 600w\" sizes=\"auto, (max-width: 1008px) 100vw, 1008px\" \/><\/figure>\n\n\n\n<h3 class=\"wp-block-heading\">Piazza Dom Pedro IV o Piazza Rossio<\/h3>\n\n\n\n<p>Situato nella parte bassa (Baixa) della citt\u00e0 vecchia, si trova di fronte alla stazione Rossio e al Teatro Nazionale. Rossio \u00e8 il nome storico della Pra\u00e7a de Dom Pedro IV. Luogo che \u00e8 stato testimone di molti eventi storici come la Rivoluzione dei Garofani, Piazza Rossio \u00e8 ancora oggi il luogo di eventi politici come le manifestazioni. Tra il Bairro Alto e l'Alfama, accanto a Piazza Martim Moniz e a Piazza del Commercio, Piazza Rossio \u00e8 il luogo centrale della citt\u00e0. <\/p>\n\n\n\n<figure class=\"wp-block-image size-large\"><img loading=\"lazy\" decoding=\"async\" width=\"1008\" height=\"756\" src=\"https:\/\/kuiper-lisbonne.com\/wp-content\/uploads\/2020\/09\/praca_rossio.jpg\" alt=\"Piazza Rossio con pavimentazione in bianco e nero e una fontana con la statua di Pietro IV, re del Portogallo\" class=\"wp-image-1241\" srcset=\"https:\/\/kuiper-lisbonne.com\/wp-content\/uploads\/2020\/09\/praca_rossio.jpg 1008w, https:\/\/kuiper-lisbonne.com\/wp-content\/uploads\/2020\/09\/praca_rossio-300x225.jpg 300w, https:\/\/kuiper-lisbonne.com\/wp-content\/uploads\/2020\/09\/praca_rossio-768x576.jpg 768w, https:\/\/kuiper-lisbonne.com\/wp-content\/uploads\/2020\/09\/praca_rossio-16x12.jpg 16w, https:\/\/kuiper-lisbonne.com\/wp-content\/uploads\/2020\/09\/praca_rossio-600x450.jpg 600w\" sizes=\"auto, (max-width: 1008px) 100vw, 1008px\" \/><\/figure>\n\n\n\n<h3 class=\"wp-block-heading\">Largo do Carmo<\/h3>\n\n\n\n<p>Incantevole piazza con al centro una fontana in stile classico e barocco ispirata al romanticismo europeo, circondata da jacarande (un albero con fiori blu-viola originario del Brasile). La piazza si trova di fronte al convento dei Carmelitani (si veda l'articolo sulla <a type=\"URL\" id=\"http:\/\/kuiper-lisbonne.com\/index.php\/2020\/08\/19\/librairies-2\/\" lambdaeverupdated=\"399\" rel=\"noreferrer noopener\" href=\"http:\/\/kuiper-lisbonne.com\/index.php\/2020\/08\/19\/librairies-2\/\" target=\"_blank\">musei<\/a>).<\/p>\n\n\n\n<figure class=\"wp-block-image size-large\"><img loading=\"lazy\" decoding=\"async\" width=\"1008\" height=\"756\" src=\"https:\/\/kuiper-lisbonne.com\/wp-content\/uploads\/2020\/09\/largo-do-carmo.jpg\" alt=\"Piazza Carmo con la sua fontana centrale in stile classico e barocco, circondata da alberi di jacaranda.\" class=\"wp-image-1243\" srcset=\"https:\/\/kuiper-lisbonne.com\/wp-content\/uploads\/2020\/09\/largo-do-carmo.jpg 1008w, https:\/\/kuiper-lisbonne.com\/wp-content\/uploads\/2020\/09\/largo-do-carmo-300x225.jpg 300w, https:\/\/kuiper-lisbonne.com\/wp-content\/uploads\/2020\/09\/largo-do-carmo-768x576.jpg 768w, https:\/\/kuiper-lisbonne.com\/wp-content\/uploads\/2020\/09\/largo-do-carmo-16x12.jpg 16w, https:\/\/kuiper-lisbonne.com\/wp-content\/uploads\/2020\/09\/largo-do-carmo-600x450.jpg 600w\" sizes=\"auto, (max-width: 1008px) 100vw, 1008px\" \/><\/figure>\n\n\n\n<h3 class=\"wp-block-heading\">Piazza dei Ristoratori (Pra\u00e7a dos Restauradores)<\/h3>\n\n\n\n<p>La Pra\u00e7a dos Restauradores si trova all'inizio dell'Avenida da Lisberdade. L'Avenida da Lisberdade \u00e8 soprannominata gli Champs Elys\u00e9es portoghesi perch\u00e9 \u00e8 la sesta strada pi\u00f9 costosa d'Europa con le sue ampie passeggiate e i suoi negozi di lusso. Questa piazza deve il suo nome agli uomini che, nel 1640, si ribellarono al dominio spagnolo e proclamarono l'indipendenza del Portogallo. \u00c8 il luogo dei restauratori della monarchia portoghese e non il luogo dei ristoranti, anche se ce ne sono molti nelle vicinanze, come la via pedonale das Portas de Santo Ant\u00e3o.<\/p>\n\n\n\n<figure class=\"wp-block-image size-large\"><img loading=\"lazy\" decoding=\"async\" width=\"1008\" height=\"756\" src=\"https:\/\/kuiper-lisbonne.com\/wp-content\/uploads\/2020\/09\/praca-restauradores.jpg\" alt=\"La piazza dos Restauradores \u00e8 caratterizzata da sampietrini bianchi e neri che formano linee incrociate e da un obelisco al centro che ricorda le battaglie combattute durante la Guerra di Restaurazione portoghese del 1640.  \" class=\"wp-image-1244\" srcset=\"https:\/\/kuiper-lisbonne.com\/wp-content\/uploads\/2020\/09\/praca-restauradores.jpg 1008w, https:\/\/kuiper-lisbonne.com\/wp-content\/uploads\/2020\/09\/praca-restauradores-300x225.jpg 300w, https:\/\/kuiper-lisbonne.com\/wp-content\/uploads\/2020\/09\/praca-restauradores-768x576.jpg 768w, https:\/\/kuiper-lisbonne.com\/wp-content\/uploads\/2020\/09\/praca-restauradores-16x12.jpg 16w, https:\/\/kuiper-lisbonne.com\/wp-content\/uploads\/2020\/09\/praca-restauradores-600x450.jpg 600w\" sizes=\"auto, (max-width: 1008px) 100vw, 1008px\" \/><\/figure>\n\n\n\n<h3 class=\"wp-block-heading\">Piazza del Marchese di Pombal (pra\u00e7a do Marqu\u00eas de Pombal)<\/h3>\n\n\n\n<p>Alla fine di Liberty Avenue si trovano la Piazza del Marchese di Pombal e il Parco Eduardo VII. La piazza \u00e8 un omaggio a Sebasti\u00e3o Jos\u00e9 de Carvalho e Melo, marchese di Pombal, un uomo importante della storia portoghese. Questa piazza, con la sua statua monumentale del Marchese di Pombal, funge da grande rotatoria. Naturalmente pi\u00f9 alto rispetto al resto della citt\u00e0, offre una prospettiva molto bella con il parco. <\/p>\n\n\n\n<figure class=\"wp-block-image size-large\"><img loading=\"lazy\" decoding=\"async\" width=\"1008\" height=\"756\" src=\"https:\/\/kuiper-lisbonne.com\/wp-content\/uploads\/2020\/09\/jardim-eduardo.jpg\" alt=\"prospettiva del Parco Eduardo VII e della Piazza Marques de Pombal\" class=\"wp-image-1190\" srcset=\"https:\/\/kuiper-lisbonne.com\/wp-content\/uploads\/2020\/09\/jardim-eduardo.jpg 1008w, https:\/\/kuiper-lisbonne.com\/wp-content\/uploads\/2020\/09\/jardim-eduardo-300x225.jpg 300w, https:\/\/kuiper-lisbonne.com\/wp-content\/uploads\/2020\/09\/jardim-eduardo-768x576.jpg 768w, https:\/\/kuiper-lisbonne.com\/wp-content\/uploads\/2020\/09\/jardim-eduardo-16x12.jpg 16w, https:\/\/kuiper-lisbonne.com\/wp-content\/uploads\/2020\/09\/jardim-eduardo-600x450.jpg 600w\" sizes=\"auto, (max-width: 1008px) 100vw, 1008px\" \/><\/figure>\n\n\n\n<h3 class=\"wp-block-heading\">Piazza Lu\u00eds de Cam\u00f5es<\/h3>\n\n\n\n<p>La piazza si trova nella zona pi\u00f9 vivace di Lisbona, tra il Bairro Alto e il quartiere Chiado. La piazza rende omaggio al poeta portoghese Lu\u00eds Vaz de Cam\u00f5es con la sua statua eretta nel 1856.  \"\u00a0<em>Tengo sempre la spada in una mano e la piuma nell'altra.<\/em>\u00a0\" citazione dal poema Le Lusiadi. <\/p>\n\n\n\n<figure class=\"wp-block-image size-large\"><img loading=\"lazy\" decoding=\"async\" width=\"1008\" height=\"756\" src=\"https:\/\/kuiper-lisbonne.com\/wp-content\/uploads\/2020\/09\/praca-camoes.jpg\" alt=\"piazza lastricata con stelle e statua di Lu\u00eds de Cam\u00f5es \" class=\"wp-image-1245\" srcset=\"https:\/\/kuiper-lisbonne.com\/wp-content\/uploads\/2020\/09\/praca-camoes.jpg 1008w, https:\/\/kuiper-lisbonne.com\/wp-content\/uploads\/2020\/09\/praca-camoes-300x225.jpg 300w, https:\/\/kuiper-lisbonne.com\/wp-content\/uploads\/2020\/09\/praca-camoes-768x576.jpg 768w, https:\/\/kuiper-lisbonne.com\/wp-content\/uploads\/2020\/09\/praca-camoes-16x12.jpg 16w, https:\/\/kuiper-lisbonne.com\/wp-content\/uploads\/2020\/09\/praca-camoes-600x450.jpg 600w\" sizes=\"auto, (max-width: 1008px) 100vw, 1008px\" \/><\/figure>\n\n\n\n<h3 class=\"wp-block-heading\">Piazza del Municipio (pra\u00e7a do Municipio)<\/h3>\n\n\n\n<p>Bella piazza acciottolata con il suo pilastro a colonne tortili. La gogna era un simbolo di giustizia e potere, oggi questa piazza \u00e8 decorativa e rappresenta bene l'architettura e l'estetica portoghese del periodo Manuela (tardo gotico portoghese). <\/p>\n\n\n\n<figure class=\"wp-block-image size-large\"><img loading=\"lazy\" decoding=\"async\" width=\"1008\" height=\"756\" src=\"https:\/\/kuiper-lisbonne.com\/wp-content\/uploads\/2020\/09\/praca_municipio.jpg\" alt=\"la piazza del municipio acciottolata con la sua colonna tortile\" class=\"wp-image-1246\" srcset=\"https:\/\/kuiper-lisbonne.com\/wp-content\/uploads\/2020\/09\/praca_municipio.jpg 1008w, https:\/\/kuiper-lisbonne.com\/wp-content\/uploads\/2020\/09\/praca_municipio-300x225.jpg 300w, https:\/\/kuiper-lisbonne.com\/wp-content\/uploads\/2020\/09\/praca_municipio-768x576.jpg 768w, https:\/\/kuiper-lisbonne.com\/wp-content\/uploads\/2020\/09\/praca_municipio-16x12.jpg 16w, https:\/\/kuiper-lisbonne.com\/wp-content\/uploads\/2020\/09\/praca_municipio-600x450.jpg 600w\" sizes=\"auto, (max-width: 1008px) 100vw, 1008px\" \/><\/figure>\n\n\n\n<h3 class=\"wp-block-heading\">Piazza dei Fiori (pra\u00e7a das flores)<\/h3>\n\n\n\n<p>Una delle particolarit\u00e0 di Lisbona sono le piazze e i giardini. Qui la pra\u00e7a des flores, e come spesso accade a Lisbona, nella piazza c'\u00e8 un chiosco a terrazza dove si pu\u00f2 sorseggiare un sumo (succo di frutta) o un'altra bevanda all'ombra degli alberi. <\/p>\n\n\n\n<figure class=\"wp-block-image size-large\"><img loading=\"lazy\" decoding=\"async\" width=\"1008\" height=\"756\" src=\"https:\/\/kuiper-lisbonne.com\/wp-content\/uploads\/2020\/09\/praca_das_flores.jpg\" alt=\"Piazza das Flores, con una piccola fontana al centro e panchine e alberi intorno alla piazza.\" class=\"wp-image-1247\" srcset=\"https:\/\/kuiper-lisbonne.com\/wp-content\/uploads\/2020\/09\/praca_das_flores.jpg 1008w, https:\/\/kuiper-lisbonne.com\/wp-content\/uploads\/2020\/09\/praca_das_flores-300x225.jpg 300w, https:\/\/kuiper-lisbonne.com\/wp-content\/uploads\/2020\/09\/praca_das_flores-768x576.jpg 768w, https:\/\/kuiper-lisbonne.com\/wp-content\/uploads\/2020\/09\/praca_das_flores-16x12.jpg 16w, https:\/\/kuiper-lisbonne.com\/wp-content\/uploads\/2020\/09\/praca_das_flores-600x450.jpg 600w\" sizes=\"auto, (max-width: 1008px) 100vw, 1008px\" \/><\/figure>\n\n\n\n<h3 class=\"wp-block-heading\">Piazza dell'albero di fico (pra\u00e7a da figueira)<\/h3>\n\n\n\n<p>Un tempo il mercato coperto pi\u00f9 importante della citt\u00e0, oggi ospita la statua equestre del Re Dom Jo\u00e3o I. <\/p>\n\n\n\n<figure class=\"wp-block-image size-large\"><img loading=\"lazy\" decoding=\"async\" width=\"1008\" height=\"756\" src=\"https:\/\/kuiper-lisbonne.com\/wp-content\/uploads\/2020\/09\/praca_figueria.jpg\" alt=\"grande piazza con statua equestre Pra\u00e7a Figuera\" class=\"wp-image-1248\" srcset=\"https:\/\/kuiper-lisbonne.com\/wp-content\/uploads\/2020\/09\/praca_figueria.jpg 1008w, https:\/\/kuiper-lisbonne.com\/wp-content\/uploads\/2020\/09\/praca_figueria-300x225.jpg 300w, https:\/\/kuiper-lisbonne.com\/wp-content\/uploads\/2020\/09\/praca_figueria-768x576.jpg 768w, https:\/\/kuiper-lisbonne.com\/wp-content\/uploads\/2020\/09\/praca_figueria-16x12.jpg 16w, https:\/\/kuiper-lisbonne.com\/wp-content\/uploads\/2020\/09\/praca_figueria-600x450.jpg 600w\" sizes=\"auto, (max-width: 1008px) 100vw, 1008px\" \/><\/figure>","protected":false},"excerpt":{"rendered":"<p>Lisbonne est une ville agr\u00e9able, ses places en sont l&rsquo;exemple parfait, o\u00f9 il faut bon d&rsquo;en profiter. De la tr\u00e8s grande \u00e0 la plus intimiste, Lisbonne a une tr\u00e8s grande vari\u00e9t\u00e9 de places pav\u00e9es. Place du commerce (pra\u00e7a do com\u00e9rcio) La Place du commerce est la plus grand place de Lisbonne. Cette place a accueilli [&hellip;]<\/p>","protected":false},"author":1,"featured_media":1245,"comment_status":"closed","ping_status":"closed","sticky":false,"template":"","format":"standard","meta":{"_monsterinsights_skip_tracking":false,"_monsterinsights_sitenote_active":false,"_monsterinsights_sitenote_note":"","_monsterinsights_sitenote_category":0,"footnotes":""},"categories":[29],"tags":[139],"class_list":["post-263","post","type-post","status-publish","format-standard","has-post-thumbnail","hentry","category-decouverte","tag-decouverte"],"yoast_head":"<!-- This site is optimized with the Yoast SEO plugin v21.2 - https:\/\/yoast.com\/wordpress\/plugins\/seo\/ -->\n<title>Les plus belles places de Lisbonne - Kuiper<\/title>\n<meta name=\"description\" content=\"Lisbonne est une ville agr\u00e9able, ses places en sont l&#039;exemple parfait, o\u00f9 il faut bon de profiter. De la tr\u00e8s grande \u00e0 la plus intimiste, Lisbonne a une tr\u00e8s grande vari\u00e9t\u00e9 de places pav\u00e9s.\" \/>\n<meta name=\"robots\" content=\"index, follow, max-snippet:-1, max-image-preview:large, max-video-preview:-1\" \/>\n<link rel=\"canonical\" href=\"https:\/\/kuiper-lisbonne.com\/it\/les-plus-belles-places-de-lisbonne\/\" \/>\n<meta property=\"og:locale\" content=\"it_IT\" \/>\n<meta property=\"og:type\" content=\"article\" \/>\n<meta property=\"og:title\" content=\"Les plus belles places de Lisbonne - Kuiper\" \/>\n<meta property=\"og:description\" content=\"Lisbonne est une ville agr\u00e9able, ses places en sont l&#039;exemple parfait, o\u00f9 il faut bon de profiter. De la tr\u00e8s grande \u00e0 la plus intimiste, Lisbonne a une tr\u00e8s grande vari\u00e9t\u00e9 de places pav\u00e9s.\" \/>\n<meta property=\"og:url\" content=\"https:\/\/kuiper-lisbonne.com\/it\/les-plus-belles-places-de-lisbonne\/\" \/>\n<meta property=\"og:site_name\" content=\"Kuiper\" \/>\n<meta property=\"article:published_time\" content=\"2020-09-02T12:20:15+00:00\" \/>\n<meta property=\"article:modified_time\" content=\"2022-06-29T18:06:49+00:00\" \/>\n<meta property=\"og:image\" content=\"https:\/\/kuiper-lisbonne.com\/wp-content\/uploads\/2020\/09\/praca-camoes.jpg\" \/>\n\t<meta property=\"og:image:width\" content=\"1008\" \/>\n\t<meta property=\"og:image:height\" content=\"756\" \/>\n\t<meta property=\"og:image:type\" content=\"image\/jpeg\" \/>\n<meta name=\"author\" content=\"David R\" \/>\n<meta name=\"twitter:card\" content=\"summary_large_image\" \/>\n<meta name=\"twitter:label1\" content=\"Scritto da\" \/>\n\t<meta name=\"twitter:data1\" content=\"David R\" \/>\n\t<meta name=\"twitter:label2\" content=\"Tempo di lettura stimato\" \/>\n\t<meta name=\"twitter:data2\" content=\"6 minuti\" \/>\n<script type=\"application\/ld+json\" class=\"yoast-schema-graph\">{\"@context\":\"https:\/\/schema.org\",\"@graph\":[{\"@type\":\"WebPage\",\"@id\":\"https:\/\/kuiper-lisbonne.com\/les-plus-belles-places-de-lisbonne\/\",\"url\":\"https:\/\/kuiper-lisbonne.com\/les-plus-belles-places-de-lisbonne\/\",\"name\":\"Les plus belles places de Lisbonne - Kuiper\",\"isPartOf\":{\"@id\":\"https:\/\/kuiper-lisbonne.com\/es\/#website\"},\"datePublished\":\"2020-09-02T12:20:15+00:00\",\"dateModified\":\"2022-06-29T18:06:49+00:00\",\"author\":{\"@id\":\"https:\/\/kuiper-lisbonne.com\/es\/#\/schema\/person\/78d19403648d46399949222fbeec90b7\"},\"description\":\"Lisbonne est une ville agr\u00e9able, ses places en sont l'exemple parfait, o\u00f9 il faut bon de profiter. De la tr\u00e8s grande \u00e0 la plus intimiste, Lisbonne a une tr\u00e8s grande vari\u00e9t\u00e9 de places pav\u00e9s.\",\"breadcrumb\":{\"@id\":\"https:\/\/kuiper-lisbonne.com\/les-plus-belles-places-de-lisbonne\/#breadcrumb\"},\"inLanguage\":\"it-IT\",\"potentialAction\":[{\"@type\":\"ReadAction\",\"target\":[\"https:\/\/kuiper-lisbonne.com\/les-plus-belles-places-de-lisbonne\/\"]}]},{\"@type\":\"BreadcrumbList\",\"@id\":\"https:\/\/kuiper-lisbonne.com\/les-plus-belles-places-de-lisbonne\/#breadcrumb\",\"itemListElement\":[{\"@type\":\"ListItem\",\"position\":1,\"name\":\"Accueil\",\"item\":\"https:\/\/kuiper-lisbonne.com\/es\/\"},{\"@type\":\"ListItem\",\"position\":2,\"name\":\"Les plus belles places de Lisbonne\"}]},{\"@type\":\"WebSite\",\"@id\":\"https:\/\/kuiper-lisbonne.com\/es\/#website\",\"url\":\"https:\/\/kuiper-lisbonne.com\/es\/\",\"name\":\"Kuiper\",\"description\":\"le blog de Lisbonne\",\"potentialAction\":[{\"@type\":\"SearchAction\",\"target\":{\"@type\":\"EntryPoint\",\"urlTemplate\":\"https:\/\/kuiper-lisbonne.com\/es\/?s={search_term_string}\"},\"query-input\":\"required name=search_term_string\"}],\"inLanguage\":\"it-IT\"},{\"@type\":\"Person\",\"@id\":\"https:\/\/kuiper-lisbonne.com\/es\/#\/schema\/person\/78d19403648d46399949222fbeec90b7\",\"name\":\"David R\",\"image\":{\"@type\":\"ImageObject\",\"inLanguage\":\"it-IT\",\"@id\":\"https:\/\/kuiper-lisbonne.com\/es\/#\/schema\/person\/image\/\",\"url\":\"https:\/\/secure.gravatar.com\/avatar\/eb569dd50e8ca986708a30abe4b8f779?s=96&d=mm&r=g\",\"contentUrl\":\"https:\/\/secure.gravatar.com\/avatar\/eb569dd50e8ca986708a30abe4b8f779?s=96&d=mm&r=g\",\"caption\":\"David R\"},\"url\":\"https:\/\/kuiper-lisbonne.com\/it\/author\/admin3597\/\"}]}<\/script>\n<!-- \/ Yoast SEO plugin. -->","yoast_head_json":{"title":"Les plus belles places de Lisbonne - Kuiper","description":"Lisbonne est une ville agr\u00e9able, ses places en sont l'exemple parfait, o\u00f9 il faut bon de profiter. De la tr\u00e8s grande \u00e0 la plus intimiste, Lisbonne a une tr\u00e8s grande vari\u00e9t\u00e9 de places pav\u00e9s.","robots":{"index":"index","follow":"follow","max-snippet":"max-snippet:-1","max-image-preview":"max-image-preview:large","max-video-preview":"max-video-preview:-1"},"canonical":"https:\/\/kuiper-lisbonne.com\/it\/les-plus-belles-places-de-lisbonne\/","og_locale":"it_IT","og_type":"article","og_title":"Les plus belles places de Lisbonne - Kuiper","og_description":"Lisbonne est une ville agr\u00e9able, ses places en sont l'exemple parfait, o\u00f9 il faut bon de profiter. De la tr\u00e8s grande \u00e0 la plus intimiste, Lisbonne a une tr\u00e8s grande vari\u00e9t\u00e9 de places pav\u00e9s.","og_url":"https:\/\/kuiper-lisbonne.com\/it\/les-plus-belles-places-de-lisbonne\/","og_site_name":"Kuiper","article_published_time":"2020-09-02T12:20:15+00:00","article_modified_time":"2022-06-29T18:06:49+00:00","og_image":[{"width":1008,"height":756,"url":"https:\/\/kuiper-lisbonne.com\/wp-content\/uploads\/2020\/09\/praca-camoes.jpg","type":"image\/jpeg"}],"author":"David R","twitter_card":"summary_large_image","twitter_misc":{"Scritto da":"David R","Tempo di lettura stimato":"6 minuti"},"schema":{"@context":"https:\/\/schema.org","@graph":[{"@type":"WebPage","@id":"https:\/\/kuiper-lisbonne.com\/les-plus-belles-places-de-lisbonne\/","url":"https:\/\/kuiper-lisbonne.com\/les-plus-belles-places-de-lisbonne\/","name":"Les plus belles places de Lisbonne - Kuiper","isPartOf":{"@id":"https:\/\/kuiper-lisbonne.com\/es\/#website"},"datePublished":"2020-09-02T12:20:15+00:00","dateModified":"2022-06-29T18:06:49+00:00","author":{"@id":"https:\/\/kuiper-lisbonne.com\/es\/#\/schema\/person\/78d19403648d46399949222fbeec90b7"},"description":"Lisbonne est une ville agr\u00e9able, ses places en sont l'exemple parfait, o\u00f9 il faut bon de profiter. De la tr\u00e8s grande \u00e0 la plus intimiste, Lisbonne a une tr\u00e8s grande vari\u00e9t\u00e9 de places pav\u00e9s.","breadcrumb":{"@id":"https:\/\/kuiper-lisbonne.com\/les-plus-belles-places-de-lisbonne\/#breadcrumb"},"inLanguage":"it-IT","potentialAction":[{"@type":"ReadAction","target":["https:\/\/kuiper-lisbonne.com\/les-plus-belles-places-de-lisbonne\/"]}]},{"@type":"BreadcrumbList","@id":"https:\/\/kuiper-lisbonne.com\/les-plus-belles-places-de-lisbonne\/#breadcrumb","itemListElement":[{"@type":"ListItem","position":1,"name":"Accueil","item":"https:\/\/kuiper-lisbonne.com\/es\/"},{"@type":"ListItem","position":2,"name":"Les plus belles places de Lisbonne"}]},{"@type":"WebSite","@id":"https:\/\/kuiper-lisbonne.com\/es\/#website","url":"https:\/\/kuiper-lisbonne.com\/es\/","name":"Kuiper","description":"le blog de Lisbonne","potentialAction":[{"@type":"SearchAction","target":{"@type":"EntryPoint","urlTemplate":"https:\/\/kuiper-lisbonne.com\/es\/?s={search_term_string}"},"query-input":"required name=search_term_string"}],"inLanguage":"it-IT"},{"@type":"Person","@id":"https:\/\/kuiper-lisbonne.com\/es\/#\/schema\/person\/78d19403648d46399949222fbeec90b7","name":"David R","image":{"@type":"ImageObject","inLanguage":"it-IT","@id":"https:\/\/kuiper-lisbonne.com\/es\/#\/schema\/person\/image\/","url":"https:\/\/secure.gravatar.com\/avatar\/eb569dd50e8ca986708a30abe4b8f779?s=96&d=mm&r=g","contentUrl":"https:\/\/secure.gravatar.com\/avatar\/eb569dd50e8ca986708a30abe4b8f779?s=96&d=mm&r=g","caption":"David R"},"url":"https:\/\/kuiper-lisbonne.com\/it\/author\/admin3597\/"}]}},"_links":{"self":[{"href":"https:\/\/kuiper-lisbonne.com\/it\/wp-json\/wp\/v2\/posts\/263","targetHints":{"allow":["GET"]}}],"collection":[{"href":"https:\/\/kuiper-lisbonne.com\/it\/wp-json\/wp\/v2\/posts"}],"about":[{"href":"https:\/\/kuiper-lisbonne.com\/it\/wp-json\/wp\/v2\/types\/post"}],"author":[{"embeddable":true,"href":"https:\/\/kuiper-lisbonne.com\/it\/wp-json\/wp\/v2\/users\/1"}],"replies":[{"embeddable":true,"href":"https:\/\/kuiper-lisbonne.com\/it\/wp-json\/wp\/v2\/comments?post=263"}],"version-history":[{"count":60,"href":"https:\/\/kuiper-lisbonne.com\/it\/wp-json\/wp\/v2\/posts\/263\/revisions"}],"predecessor-version":[{"id":1317,"href":"https:\/\/kuiper-lisbonne.com\/it\/wp-json\/wp\/v2\/posts\/263\/revisions\/1317"}],"wp:featuredmedia":[{"embeddable":true,"href":"https:\/\/kuiper-lisbonne.com\/it\/wp-json\/wp\/v2\/media\/1245"}],"wp:attachment":[{"href":"https:\/\/kuiper-lisbonne.com\/it\/wp-json\/wp\/v2\/media?parent=263"}],"wp:term":[{"taxonomy":"category","embeddable":true,"href":"https:\/\/kuiper-lisbonne.com\/it\/wp-json\/wp\/v2\/categories?post=263"},{"taxonomy":"post_tag","embeddable":true,"href":"https:\/\/kuiper-lisbonne.com\/it\/wp-json\/wp\/v2\/tags?post=263"}],"curies":[{"name":"wp","href":"https:\/\/api.w.org\/{rel}","templated":true}]}}