{"id":287,"date":"2020-09-05T09:28:59","date_gmt":"2020-09-05T07:28:59","guid":{"rendered":"http:\/\/kuiper-lisbonne.com\/?p=287"},"modified":"2022-06-29T20:06:00","modified_gmt":"2022-06-29T18:06:00","slug":"visiter-lisbonne-a-velo","status":"publish","type":"post","link":"https:\/\/kuiper-lisbonne.com\/nl\/visiter-lisbonne-a-velo\/","title":{"rendered":"Met de fiets naar Lissabon"},"content":{"rendered":"<p>Sinds enkele jaren moedigt het stadsbestuur van Lissabon het fietsen aan en zijn er 6 fietspaden aangelegd. Ik testte het pad dat langs de Taag loopt van Oriente naar Bel\u00e9m.<\/p>\n\n\n\n<p>De eerste keer dat ik in Bel\u00e9m aankwam was ik meteen in de ban van de weidse ruimte, een prachtige wandeling langs de rivier de Taag, de nabijheid van de oceaan, de indrukwekkende 25 april brug en de prachtige moderne of historische gebouwen tot aan de Toren van Bel\u00e9m, de verandering van omgeving is totaal. De mogelijkheid om door dit deel van de stad te fietsen is meer dan verleidelijk. <\/p>\n\n\n\n<p>Augustus 2020, op vakantie in Lissabon besluit ik het fietspad Sacav\u00e9m - Algeciras te doen. De dag ervoor downloadde ik de Gira app de Lissabon Velib.  Ik raad het gebruik van Gira sterk af, tenzij je tijd wilt besteden aan het bellen van Gira support, omdat de app helemaal niet goed werkt. <\/p>\n\n\n\n<p>Ik raad u aan om een fiets rechtstreeks bij een fietsverhuurder te huren om verrassingen te voorkomen en een gegarandeerde prijs voor de dag te krijgen. <\/p>\n\n\n\n<p>Het grote probleem dat ik met Gira had is dat alle stations om de fiets in te leveren in Bel\u00e9m buiten werking zijn, plus het feit dat de app niet erg goed werkt zoals ik al zei, dus ik zou het gebruik van Gira niet aanraden. Er zijn veel verhuurbedrijven in de hele stad.  <\/p>\n\n\n\n<p>De route is prachtig, reken op een halve dag voor een ontspannen wandeling. <\/p>\n\n\n\n<div style=\"height:53px\" aria-hidden=\"true\" class=\"wp-block-spacer\"><\/div>\n\n\n\n<figure class=\"wp-block-gallery has-nested-images columns-default is-cropped wp-block-gallery-1 is-layout-flex wp-block-gallery-is-layout-flex\">\n<figure class=\"wp-block-image size-large\"><img loading=\"lazy\" decoding=\"async\" width=\"1008\" height=\"756\" data-id=\"294\" src=\"https:\/\/kuiper-lisbonne.com\/wp-content\/uploads\/2020\/08\/velo2.jpg\" alt=\"fiets op stand op de rivier de Taag met de Vasco da Gama-brug op de achtergrond \" class=\"wp-image-294\" srcset=\"https:\/\/kuiper-lisbonne.com\/wp-content\/uploads\/2020\/08\/velo2.jpg 1008w, https:\/\/kuiper-lisbonne.com\/wp-content\/uploads\/2020\/08\/velo2-300x225.jpg 300w, https:\/\/kuiper-lisbonne.com\/wp-content\/uploads\/2020\/08\/velo2-768x576.jpg 768w, https:\/\/kuiper-lisbonne.com\/wp-content\/uploads\/2020\/08\/velo2-600x450.jpg 600w\" sizes=\"auto, (max-width: 1008px) 100vw, 1008px\" \/><\/figure>\n\n\n\n<figure class=\"wp-block-image size-large\"><img loading=\"lazy\" decoding=\"async\" width=\"1008\" height=\"756\" data-id=\"298\" src=\"https:\/\/kuiper-lisbonne.com\/wp-content\/uploads\/2020\/08\/velo3.jpg\" alt=\"Sacav\u00e9m Alg\u00e8s fietspad langs de jachthaven van Lissabon \" class=\"wp-image-298\" srcset=\"https:\/\/kuiper-lisbonne.com\/wp-content\/uploads\/2020\/08\/velo3.jpg 1008w, https:\/\/kuiper-lisbonne.com\/wp-content\/uploads\/2020\/08\/velo3-300x225.jpg 300w, https:\/\/kuiper-lisbonne.com\/wp-content\/uploads\/2020\/08\/velo3-768x576.jpg 768w, https:\/\/kuiper-lisbonne.com\/wp-content\/uploads\/2020\/08\/velo3-600x450.jpg 600w\" sizes=\"auto, (max-width: 1008px) 100vw, 1008px\" \/><\/figure>\n<\/figure>\n\n\n\n<figure class=\"wp-block-gallery has-nested-images columns-default is-cropped wp-block-gallery-2 is-layout-flex wp-block-gallery-is-layout-flex\">\n<figure class=\"wp-block-image size-large\"><img loading=\"lazy\" decoding=\"async\" width=\"765\" height=\"575\" data-id=\"311\" src=\"https:\/\/kuiper-lisbonne.com\/wp-content\/uploads\/2020\/08\/velo4.jpg\" alt=\"fietstocht langs de rivier de Taag en weerspiegeling van de fietser in de glazen ramen\" class=\"wp-image-311\" srcset=\"https:\/\/kuiper-lisbonne.com\/wp-content\/uploads\/2020\/08\/velo4.jpg 765w, https:\/\/kuiper-lisbonne.com\/wp-content\/uploads\/2020\/08\/velo4-300x225.jpg 300w, https:\/\/kuiper-lisbonne.com\/wp-content\/uploads\/2020\/08\/velo4-600x451.jpg 600w\" sizes=\"auto, (max-width: 765px) 100vw, 765px\" \/><\/figure>\n\n\n\n<figure class=\"wp-block-image size-large\"><img loading=\"lazy\" decoding=\"async\" width=\"765\" height=\"575\" data-id=\"312\" src=\"https:\/\/kuiper-lisbonne.com\/wp-content\/uploads\/2020\/08\/velo5.jpg\" alt=\"twee fietsers langs de rivier de Taag op het fietspad met straatverkopers op de achtergrond \" class=\"wp-image-312\" srcset=\"https:\/\/kuiper-lisbonne.com\/wp-content\/uploads\/2020\/08\/velo5.jpg 765w, https:\/\/kuiper-lisbonne.com\/wp-content\/uploads\/2020\/08\/velo5-300x225.jpg 300w, https:\/\/kuiper-lisbonne.com\/wp-content\/uploads\/2020\/08\/velo5-600x451.jpg 600w\" sizes=\"auto, (max-width: 765px) 100vw, 765px\" \/><\/figure>\n<\/figure>\n\n\n\n<figure class=\"wp-block-gallery has-nested-images columns-default is-cropped wp-block-gallery-3 is-layout-flex wp-block-gallery-is-layout-flex\">\n<figure class=\"wp-block-image size-large\"><img loading=\"lazy\" decoding=\"async\" width=\"765\" height=\"575\" data-id=\"320\" src=\"https:\/\/kuiper-lisbonne.com\/wp-content\/uploads\/2020\/08\/velo6.jpg\" alt=\"langs de rivier de Taag, voor het monument van ontdekkingen, de Padr\u0101o Dos Descobrimentos en de brug van 25 april \" class=\"wp-image-320\" srcset=\"https:\/\/kuiper-lisbonne.com\/wp-content\/uploads\/2020\/08\/velo6.jpg 765w, https:\/\/kuiper-lisbonne.com\/wp-content\/uploads\/2020\/08\/velo6-300x225.jpg 300w, https:\/\/kuiper-lisbonne.com\/wp-content\/uploads\/2020\/08\/velo6-600x451.jpg 600w\" sizes=\"auto, (max-width: 765px) 100vw, 765px\" \/><\/figure>\n\n\n\n<figure class=\"wp-block-image size-large\"><img loading=\"lazy\" decoding=\"async\" width=\"765\" height=\"575\" data-id=\"321\" src=\"https:\/\/kuiper-lisbonne.com\/wp-content\/uploads\/2020\/08\/velo7.jpg\" alt=\"alleen fietsend voor de toren van Belem \" class=\"wp-image-321\" srcset=\"https:\/\/kuiper-lisbonne.com\/wp-content\/uploads\/2020\/08\/velo7.jpg 765w, https:\/\/kuiper-lisbonne.com\/wp-content\/uploads\/2020\/08\/velo7-300x225.jpg 300w, https:\/\/kuiper-lisbonne.com\/wp-content\/uploads\/2020\/08\/velo7-600x451.jpg 600w\" sizes=\"auto, (max-width: 765px) 100vw, 765px\" \/><\/figure>\n<\/figure>","protected":false},"excerpt":{"rendered":"<p>Depuis quelques ann\u00e9es, la Mairie de Lisbonne encourage les d\u00e9placements \u00e0 v\u00e9lo ainsi 6 pistes cyclables ont vu le jour. J&rsquo;ai test\u00e9 la piste qui longe le Tage de Oriente \u00e0 Bel\u00e9m. La premi\u00e8re fois que je suis arriv\u00e9 \u00e0 Bel\u00e9m je suis tomb\u00e9 tout de suite sous le charme des grands espaces, une magnifique [&hellip;]<\/p>","protected":false},"author":1,"featured_media":1238,"comment_status":"closed","ping_status":"closed","sticky":false,"template":"","format":"standard","meta":{"_monsterinsights_skip_tracking":false,"_monsterinsights_sitenote_active":false,"_monsterinsights_sitenote_note":"","_monsterinsights_sitenote_category":0,"footnotes":""},"categories":[143],"tags":[30],"class_list":["post-287","post","type-post","status-publish","format-standard","has-post-thumbnail","hentry","category-velo","tag-velo"],"yoast_head":"<!-- This site is optimized with the Yoast SEO plugin v21.2 - https:\/\/yoast.com\/wordpress\/plugins\/seo\/ -->\n<title>Visiter Lisbonne \u00e0 v\u00e9lo - Kuiper<\/title>\n<meta name=\"description\" content=\"Depuis quelques ann\u00e9es, la Mairie de Lisbonne encourage les d\u00e9placements \u00e0 v\u00e9lo ainsi 6 pistes cyclables ont vu le jour. J&#039;ai test\u00e9 la piste qui longe le Tage de Oriente \u00e0 Bel\u00e9m.\" \/>\n<meta name=\"robots\" content=\"index, follow, max-snippet:-1, max-image-preview:large, max-video-preview:-1\" \/>\n<link rel=\"canonical\" href=\"https:\/\/kuiper-lisbonne.com\/nl\/visiter-lisbonne-a-velo\/\" \/>\n<meta property=\"og:locale\" content=\"nl_NL\" \/>\n<meta property=\"og:type\" content=\"article\" \/>\n<meta property=\"og:title\" content=\"Visiter Lisbonne \u00e0 v\u00e9lo - Kuiper\" \/>\n<meta property=\"og:description\" content=\"Depuis quelques ann\u00e9es, la Mairie de Lisbonne encourage les d\u00e9placements \u00e0 v\u00e9lo ainsi 6 pistes cyclables ont vu le jour. J&#039;ai test\u00e9 la piste qui longe le Tage de Oriente \u00e0 Bel\u00e9m.\" \/>\n<meta property=\"og:url\" content=\"https:\/\/kuiper-lisbonne.com\/nl\/visiter-lisbonne-a-velo\/\" \/>\n<meta property=\"og:site_name\" content=\"Kuiper\" \/>\n<meta property=\"article:published_time\" content=\"2020-09-05T07:28:59+00:00\" \/>\n<meta property=\"article:modified_time\" content=\"2022-06-29T18:06:00+00:00\" \/>\n<meta property=\"og:image\" content=\"https:\/\/kuiper-lisbonne.com\/wp-content\/uploads\/2020\/09\/velo-kuiper-lisbonne.jpg\" \/>\n\t<meta property=\"og:image:width\" content=\"1008\" \/>\n\t<meta property=\"og:image:height\" content=\"756\" \/>\n\t<meta property=\"og:image:type\" content=\"image\/jpeg\" \/>\n<meta name=\"author\" content=\"David R\" \/>\n<meta name=\"twitter:card\" content=\"summary_large_image\" \/>\n<meta name=\"twitter:label1\" content=\"Geschreven door\" \/>\n\t<meta name=\"twitter:data1\" content=\"David R\" \/>\n\t<meta name=\"twitter:label2\" content=\"Geschatte leestijd\" \/>\n\t<meta name=\"twitter:data2\" content=\"3 minuten\" \/>\n<script type=\"application\/ld+json\" class=\"yoast-schema-graph\">{\"@context\":\"https:\/\/schema.org\",\"@graph\":[{\"@type\":\"WebPage\",\"@id\":\"https:\/\/kuiper-lisbonne.com\/visiter-lisbonne-a-velo\/\",\"url\":\"https:\/\/kuiper-lisbonne.com\/visiter-lisbonne-a-velo\/\",\"name\":\"Visiter Lisbonne \u00e0 v\u00e9lo - Kuiper\",\"isPartOf\":{\"@id\":\"https:\/\/kuiper-lisbonne.com\/es\/#website\"},\"datePublished\":\"2020-09-05T07:28:59+00:00\",\"dateModified\":\"2022-06-29T18:06:00+00:00\",\"author\":{\"@id\":\"https:\/\/kuiper-lisbonne.com\/es\/#\/schema\/person\/78d19403648d46399949222fbeec90b7\"},\"description\":\"Depuis quelques ann\u00e9es, la Mairie de Lisbonne encourage les d\u00e9placements \u00e0 v\u00e9lo ainsi 6 pistes cyclables ont vu le jour. J'ai test\u00e9 la piste qui longe le Tage de Oriente \u00e0 Bel\u00e9m.\",\"breadcrumb\":{\"@id\":\"https:\/\/kuiper-lisbonne.com\/visiter-lisbonne-a-velo\/#breadcrumb\"},\"inLanguage\":\"nl-NL\",\"potentialAction\":[{\"@type\":\"ReadAction\",\"target\":[\"https:\/\/kuiper-lisbonne.com\/visiter-lisbonne-a-velo\/\"]}]},{\"@type\":\"BreadcrumbList\",\"@id\":\"https:\/\/kuiper-lisbonne.com\/visiter-lisbonne-a-velo\/#breadcrumb\",\"itemListElement\":[{\"@type\":\"ListItem\",\"position\":1,\"name\":\"Accueil\",\"item\":\"https:\/\/kuiper-lisbonne.com\/es\/\"},{\"@type\":\"ListItem\",\"position\":2,\"name\":\"Visiter Lisbonne \u00e0 v\u00e9lo\"}]},{\"@type\":\"WebSite\",\"@id\":\"https:\/\/kuiper-lisbonne.com\/es\/#website\",\"url\":\"https:\/\/kuiper-lisbonne.com\/es\/\",\"name\":\"Kuiper\",\"description\":\"le blog de Lisbonne\",\"potentialAction\":[{\"@type\":\"SearchAction\",\"target\":{\"@type\":\"EntryPoint\",\"urlTemplate\":\"https:\/\/kuiper-lisbonne.com\/es\/?s={search_term_string}\"},\"query-input\":\"required name=search_term_string\"}],\"inLanguage\":\"nl-NL\"},{\"@type\":\"Person\",\"@id\":\"https:\/\/kuiper-lisbonne.com\/es\/#\/schema\/person\/78d19403648d46399949222fbeec90b7\",\"name\":\"David R\",\"image\":{\"@type\":\"ImageObject\",\"inLanguage\":\"nl-NL\",\"@id\":\"https:\/\/kuiper-lisbonne.com\/es\/#\/schema\/person\/image\/\",\"url\":\"https:\/\/secure.gravatar.com\/avatar\/eb569dd50e8ca986708a30abe4b8f779?s=96&d=mm&r=g\",\"contentUrl\":\"https:\/\/secure.gravatar.com\/avatar\/eb569dd50e8ca986708a30abe4b8f779?s=96&d=mm&r=g\",\"caption\":\"David R\"},\"url\":\"https:\/\/kuiper-lisbonne.com\/nl\/author\/admin3597\/\"}]}<\/script>\n<!-- \/ Yoast SEO plugin. -->","yoast_head_json":{"title":"Visiter Lisbonne \u00e0 v\u00e9lo - Kuiper","description":"Depuis quelques ann\u00e9es, la Mairie de Lisbonne encourage les d\u00e9placements \u00e0 v\u00e9lo ainsi 6 pistes cyclables ont vu le jour. J'ai test\u00e9 la piste qui longe le Tage de Oriente \u00e0 Bel\u00e9m.","robots":{"index":"index","follow":"follow","max-snippet":"max-snippet:-1","max-image-preview":"max-image-preview:large","max-video-preview":"max-video-preview:-1"},"canonical":"https:\/\/kuiper-lisbonne.com\/nl\/visiter-lisbonne-a-velo\/","og_locale":"nl_NL","og_type":"article","og_title":"Visiter Lisbonne \u00e0 v\u00e9lo - Kuiper","og_description":"Depuis quelques ann\u00e9es, la Mairie de Lisbonne encourage les d\u00e9placements \u00e0 v\u00e9lo ainsi 6 pistes cyclables ont vu le jour. J'ai test\u00e9 la piste qui longe le Tage de Oriente \u00e0 Bel\u00e9m.","og_url":"https:\/\/kuiper-lisbonne.com\/nl\/visiter-lisbonne-a-velo\/","og_site_name":"Kuiper","article_published_time":"2020-09-05T07:28:59+00:00","article_modified_time":"2022-06-29T18:06:00+00:00","og_image":[{"width":1008,"height":756,"url":"https:\/\/kuiper-lisbonne.com\/wp-content\/uploads\/2020\/09\/velo-kuiper-lisbonne.jpg","type":"image\/jpeg"}],"author":"David R","twitter_card":"summary_large_image","twitter_misc":{"Geschreven door":"David R","Geschatte leestijd":"3 minuten"},"schema":{"@context":"https:\/\/schema.org","@graph":[{"@type":"WebPage","@id":"https:\/\/kuiper-lisbonne.com\/visiter-lisbonne-a-velo\/","url":"https:\/\/kuiper-lisbonne.com\/visiter-lisbonne-a-velo\/","name":"Visiter Lisbonne \u00e0 v\u00e9lo - Kuiper","isPartOf":{"@id":"https:\/\/kuiper-lisbonne.com\/es\/#website"},"datePublished":"2020-09-05T07:28:59+00:00","dateModified":"2022-06-29T18:06:00+00:00","author":{"@id":"https:\/\/kuiper-lisbonne.com\/es\/#\/schema\/person\/78d19403648d46399949222fbeec90b7"},"description":"Depuis quelques ann\u00e9es, la Mairie de Lisbonne encourage les d\u00e9placements \u00e0 v\u00e9lo ainsi 6 pistes cyclables ont vu le jour. J'ai test\u00e9 la piste qui longe le Tage de Oriente \u00e0 Bel\u00e9m.","breadcrumb":{"@id":"https:\/\/kuiper-lisbonne.com\/visiter-lisbonne-a-velo\/#breadcrumb"},"inLanguage":"nl-NL","potentialAction":[{"@type":"ReadAction","target":["https:\/\/kuiper-lisbonne.com\/visiter-lisbonne-a-velo\/"]}]},{"@type":"BreadcrumbList","@id":"https:\/\/kuiper-lisbonne.com\/visiter-lisbonne-a-velo\/#breadcrumb","itemListElement":[{"@type":"ListItem","position":1,"name":"Accueil","item":"https:\/\/kuiper-lisbonne.com\/es\/"},{"@type":"ListItem","position":2,"name":"Visiter Lisbonne \u00e0 v\u00e9lo"}]},{"@type":"WebSite","@id":"https:\/\/kuiper-lisbonne.com\/es\/#website","url":"https:\/\/kuiper-lisbonne.com\/es\/","name":"Kuiper","description":"le blog de Lisbonne","potentialAction":[{"@type":"SearchAction","target":{"@type":"EntryPoint","urlTemplate":"https:\/\/kuiper-lisbonne.com\/es\/?s={search_term_string}"},"query-input":"required name=search_term_string"}],"inLanguage":"nl-NL"},{"@type":"Person","@id":"https:\/\/kuiper-lisbonne.com\/es\/#\/schema\/person\/78d19403648d46399949222fbeec90b7","name":"David R","image":{"@type":"ImageObject","inLanguage":"nl-NL","@id":"https:\/\/kuiper-lisbonne.com\/es\/#\/schema\/person\/image\/","url":"https:\/\/secure.gravatar.com\/avatar\/eb569dd50e8ca986708a30abe4b8f779?s=96&d=mm&r=g","contentUrl":"https:\/\/secure.gravatar.com\/avatar\/eb569dd50e8ca986708a30abe4b8f779?s=96&d=mm&r=g","caption":"David R"},"url":"https:\/\/kuiper-lisbonne.com\/nl\/author\/admin3597\/"}]}},"_links":{"self":[{"href":"https:\/\/kuiper-lisbonne.com\/nl\/wp-json\/wp\/v2\/posts\/287","targetHints":{"allow":["GET"]}}],"collection":[{"href":"https:\/\/kuiper-lisbonne.com\/nl\/wp-json\/wp\/v2\/posts"}],"about":[{"href":"https:\/\/kuiper-lisbonne.com\/nl\/wp-json\/wp\/v2\/types\/post"}],"author":[{"embeddable":true,"href":"https:\/\/kuiper-lisbonne.com\/nl\/wp-json\/wp\/v2\/users\/1"}],"replies":[{"embeddable":true,"href":"https:\/\/kuiper-lisbonne.com\/nl\/wp-json\/wp\/v2\/comments?post=287"}],"version-history":[{"count":26,"href":"https:\/\/kuiper-lisbonne.com\/nl\/wp-json\/wp\/v2\/posts\/287\/revisions"}],"predecessor-version":[{"id":1845,"href":"https:\/\/kuiper-lisbonne.com\/nl\/wp-json\/wp\/v2\/posts\/287\/revisions\/1845"}],"wp:featuredmedia":[{"embeddable":true,"href":"https:\/\/kuiper-lisbonne.com\/nl\/wp-json\/wp\/v2\/media\/1238"}],"wp:attachment":[{"href":"https:\/\/kuiper-lisbonne.com\/nl\/wp-json\/wp\/v2\/media?parent=287"}],"wp:term":[{"taxonomy":"category","embeddable":true,"href":"https:\/\/kuiper-lisbonne.com\/nl\/wp-json\/wp\/v2\/categories?post=287"},{"taxonomy":"post_tag","embeddable":true,"href":"https:\/\/kuiper-lisbonne.com\/nl\/wp-json\/wp\/v2\/tags?post=287"}],"curies":[{"name":"wp","href":"https:\/\/api.w.org\/{rel}","templated":true}]}}