{"id":263,"date":"2020-09-02T14:20:15","date_gmt":"2020-09-02T12:20:15","guid":{"rendered":"http:\/\/kuiper-lisbonne.com\/?p=263"},"modified":"2022-06-29T20:06:49","modified_gmt":"2022-06-29T18:06:49","slug":"les-plus-belles-places-de-lisbonne","status":"publish","type":"post","link":"https:\/\/kuiper-lisbonne.com\/zh\/les-plus-belles-places-de-lisbonne\/","title":{"rendered":"\u91cc\u65af\u672c\u6700\u7f8e\u4e3d\u7684\u5e7f\u573a"},"content":{"rendered":"<p>\u91cc\u65af\u672c\u662f\u4e00\u4e2a\u4ee4\u4eba\u6109\u5feb\u7684\u57ce\u5e02\uff0c\u5b83\u7684\u5e7f\u573a\u662f\u4eab\u53d7\u5b83\u7684\u4e00\u4e2a\u5b8c\u7f8e\u4f8b\u5b50\u3002\u4ece\u975e\u5e38\u5927\u7684\u5230\u66f4\u4eb2\u5bc6\u7684\uff0c\u91cc\u65af\u672c\u6709\u5404\u79cd\u5404\u6837\u7684\u94fa\u8bbe\u597d\u7684\u5e7f\u573a\u3002 <\/p>\n\n\n\n<h3 class=\"wp-block-heading\">\u8d38\u6613\u5e7f\u573a (Pra\u00e7a do com\u00e9rcio)<\/h3>\n\n\n\n<p>\u5546\u4e1a\u5e7f\u573a\u662f\u91cc\u65af\u672c\u6700\u5927\u7684\u5e7f\u573a\u3002\u8fd9\u4e2a\u5e7f\u573a\u5728\u56db\u4e2a\u4e16\u7eaa\u91cc\u90fd\u662f\u7687\u5bab\u7684\u6240\u5728\u5730\uff0c\u56e0\u6b64\u5b83\u7684\u540d\u5b57\u81f3\u4eca\u4ecd\u88ab\u79f0\u4e3a \"\u7687\u5bab\"\u3002&nbsp;<em>\u9738\u738b\u5c71<\/em>&nbsp;(\u5bab\u6bbf\u7684\u5e7f\u573a)\u3002\u5e7f\u573a\u76f4\u63a5\u4fef\u77b0\u5854\u53e4\u65af\u6cb3\uff0c\u90a3\u91cc\u7684\u8239\u53ea\u66fe\u7ecf\u76f4\u63a5\u62b5\u8fbe\u7687\u5bab\u3002\u5728\u5730\u9707\u53ca\u5176\u7834\u574f\u4e4b\u524d\uff0c\u5bab\u6bbf\u5173\u95ed\u4e86\u5e7f\u573a\u3002  \u73b0\u5728\u5728\u5e7f\u573a\u7684\u4e2d\u5fc3\u662f\u8461\u8404\u7259\u56fd\u738b\u4f55\u585e\u4e00\u4e16\u7684\u96d5\u50cf\u3002\u8fd9\u4e2a\u5e7f\u573a\u662f\u91cc\u65af\u672c\u6700\u8457\u540d\u7684\u5730\u65b9\uff0c\u5b83\u6709\u51ef\u65cb\u95e8\uff0c\u5468\u56f4\u7684\u62f1\u5f62\u5efa\u7b51\u91cc\u6709\u5f88\u591a\u9910\u9986\u3002\u4f4d\u4e8e\u57ce\u5e02\u4e2d\u5fc3\u7684\u4e00\u4e2a\u6807\u5fd7\u6027\u573a\u6240\u3002 <\/p>\n\n\n\n<figure class=\"wp-block-image size-large\"><img loading=\"lazy\" decoding=\"async\" width=\"1008\" height=\"756\" src=\"https:\/\/kuiper-lisbonne.com\/wp-content\/uploads\/2020\/09\/praca-comercio.jpg\" alt=\"\u5546\u4e1a\u5e7f\u573a\u6709\u8461\u8404\u7259\u56fd\u738b\u4f55\u585e\u4e00\u4e16\u7684\u96d5\u50cf\" class=\"wp-image-1239\" srcset=\"https:\/\/kuiper-lisbonne.com\/wp-content\/uploads\/2020\/09\/praca-comercio.jpg 1008w, https:\/\/kuiper-lisbonne.com\/wp-content\/uploads\/2020\/09\/praca-comercio-300x225.jpg 300w, https:\/\/kuiper-lisbonne.com\/wp-content\/uploads\/2020\/09\/praca-comercio-768x576.jpg 768w, https:\/\/kuiper-lisbonne.com\/wp-content\/uploads\/2020\/09\/praca-comercio-16x12.jpg 16w, https:\/\/kuiper-lisbonne.com\/wp-content\/uploads\/2020\/09\/praca-comercio-600x450.jpg 600w\" sizes=\"auto, (max-width: 1008px) 100vw, 1008px\" \/><\/figure>\n\n\n\n<h3 class=\"wp-block-heading\">\u4f69\u5fb7\u7f57\u56db\u4e16\u5e7f\u573a\u6216\u7f57\u897f\u5965\u5e7f\u573a<\/h3>\n\n\n\n<p>\u5b83\u4f4d\u4e8e\u8001\u57ce\u7684\u4e0b\u90e8\uff08Baixa\uff09\uff0c\u5bf9\u9762\u662f\u7f57\u897f\u5965\u8f66\u7ad9\u548c\u56fd\u5bb6\u5267\u9662\u3002\u7f57\u897f\u5965\uff08Rossio\uff09\u662f\u4f69\u5fb7\u7f57\u56db\u4e16\u5e7f\u573a\uff08Pra\u00e7a de Dom Pedro IV\uff09\u7684\u5386\u53f2\u540d\u79f0\u3002\u7f57\u897f\u5965\u5e7f\u573a\u89c1\u8bc1\u4e86\u8bb8\u591a\u5386\u53f2\u4e8b\u4ef6\uff0c\u5982\u5eb7\u4e43\u99a8\u9769\u547d\uff0c\u4eca\u5929\u4ecd\u7136\u662f\u793a\u5a01\u7b49\u653f\u6cbb\u6d3b\u52a8\u7684\u573a\u6240\u3002\u5728Bairro Alto\u548cAlfama\u4e4b\u95f4\uff0c\u7d27\u90bbMartim Moniz\u5e7f\u573a\u548c\u8d38\u6613\u5e7f\u573a\uff0c\u7f57\u897f\u5965\u5e7f\u573a\u662f\u57ce\u5e02\u7684\u4e2d\u5fc3\u5730\u5e26\u3002 <\/p>\n\n\n\n<figure class=\"wp-block-image size-large\"><img loading=\"lazy\" decoding=\"async\" width=\"1008\" height=\"756\" src=\"https:\/\/kuiper-lisbonne.com\/wp-content\/uploads\/2020\/09\/praca_rossio.jpg\" alt=\"\u7f57\u897f\u5965\u5e7f\u573a\u4e0a\u6709\u9ed1\u767d\u76f8\u95f4\u7684\u94fa\u8def\u77f3\u548c\u4e00\u4e2a\u5e26\u6709\u8461\u8404\u7259\u56fd\u738b\u5f7c\u5f97\u56db\u4e16\u96d5\u50cf\u7684\u55b7\u6cc9\u3002\" class=\"wp-image-1241\" srcset=\"https:\/\/kuiper-lisbonne.com\/wp-content\/uploads\/2020\/09\/praca_rossio.jpg 1008w, https:\/\/kuiper-lisbonne.com\/wp-content\/uploads\/2020\/09\/praca_rossio-300x225.jpg 300w, https:\/\/kuiper-lisbonne.com\/wp-content\/uploads\/2020\/09\/praca_rossio-768x576.jpg 768w, https:\/\/kuiper-lisbonne.com\/wp-content\/uploads\/2020\/09\/praca_rossio-16x12.jpg 16w, https:\/\/kuiper-lisbonne.com\/wp-content\/uploads\/2020\/09\/praca_rossio-600x450.jpg 600w\" sizes=\"auto, (max-width: 1008px) 100vw, 1008px\" \/><\/figure>\n\n\n\n<h3 class=\"wp-block-heading\">\u62c9\u6208-\u675c-\u5361\u5c14\u83ab<\/h3>\n\n\n\n<p>\u8ff7\u4eba\u7684\u5e7f\u573a\uff0c\u4e2d\u5fc3\u7684\u55b7\u6cc9\u662f\u53d7\u6b27\u6d32\u6d6a\u6f2b\u4e3b\u4e49\u542f\u53d1\u7684\u53e4\u5178\u548c\u5df4\u6d1b\u514b\u98ce\u683c\uff0c\u5468\u56f4\u662f\u8d3e\u5361\u5170\u6811\uff08\u4e00\u79cd\u6765\u81ea\u5df4\u897f\u7684\u84dd\u7d2b\u8272\u82b1\u6735\u7684\u6811\uff09\u3002\u5e7f\u573a\u5728\u52a0\u5c14\u9ed8\u7f57\u5973\u4fee\u9053\u9662\u7684\u524d\u9762\uff08\u89c1\u6587\u7ae0\u4e2d\u7684 <a type=\"URL\" id=\"http:\/\/kuiper-lisbonne.com\/index.php\/2020\/08\/19\/librairies-2\/\" lambdaeverupdated=\"399\" rel=\"noreferrer noopener\" href=\"http:\/\/kuiper-lisbonne.com\/index.php\/2020\/08\/19\/librairies-2\/\" target=\"_blank\">\u535a\u7269\u9986<\/a>).<\/p>\n\n\n\n<figure class=\"wp-block-image size-large\"><img loading=\"lazy\" decoding=\"async\" width=\"1008\" height=\"756\" src=\"https:\/\/kuiper-lisbonne.com\/wp-content\/uploads\/2020\/09\/largo-do-carmo.jpg\" alt=\"\u5361\u83ab\u5e7f\u573a\uff0c\u4e2d\u592e\u6709\u53e4\u5178\u548c\u5df4\u6d1b\u514b\u98ce\u683c\u7684\u55b7\u6cc9\uff0c\u5468\u56f4\u6709\u9999\u6a1f\u6811\u3002\" class=\"wp-image-1243\" srcset=\"https:\/\/kuiper-lisbonne.com\/wp-content\/uploads\/2020\/09\/largo-do-carmo.jpg 1008w, https:\/\/kuiper-lisbonne.com\/wp-content\/uploads\/2020\/09\/largo-do-carmo-300x225.jpg 300w, https:\/\/kuiper-lisbonne.com\/wp-content\/uploads\/2020\/09\/largo-do-carmo-768x576.jpg 768w, https:\/\/kuiper-lisbonne.com\/wp-content\/uploads\/2020\/09\/largo-do-carmo-16x12.jpg 16w, https:\/\/kuiper-lisbonne.com\/wp-content\/uploads\/2020\/09\/largo-do-carmo-600x450.jpg 600w\" sizes=\"auto, (max-width: 1008px) 100vw, 1008px\" \/><\/figure>\n\n\n\n<h3 class=\"wp-block-heading\">\u590d\u5174\u8005\u5e7f\u573a(Pra\u00e7a dos Restauradores)<\/h3>\n\n\n\n<p>Restauradores\u5e7f\u573a\u4f4d\u4e8eLisberdade\u5927\u9053\u7684\u8d77\u70b9\u3002\u91cc\u65af\u672c\u5927\u9053\uff08Avenida da Lisberdade\uff09\u88ab\u6635\u79f0\u4e3a\u8461\u8404\u7259\u7684\u9999\u69ad\u4e3d\u820d\u5927\u8857\uff0c\u56e0\u4e3a\u5b83\u662f\u6b27\u6d32\u7b2c\u516d\u5927\u6700\u6602\u8d35\u7684\u8857\u9053\uff0c\u62e5\u6709\u5bbd\u9614\u7684\u957f\u5eca\u548c\u5962\u4f88\u54c1\u5546\u5e97\u3002\u8fd9\u4e2a\u5e7f\u573a\u7684\u540d\u5b57\u5f52\u529f\u4e8e1640\u5e74\u53cd\u6297\u897f\u73ed\u7259\u7edf\u6cbb\u5e76\u5ba3\u5e03\u8461\u8404\u7259\u72ec\u7acb\u7684\u4eba\u3002\u5b83\u662f\u8461\u8404\u7259\u541b\u4e3b\u5236\u7684\u6062\u590d\u8005\u7684\u5730\u65b9\uff0c\u800c\u4e0d\u662f\u9910\u9986\u7684\u5730\u65b9\uff0c\u5c3d\u7ba1\u9644\u8fd1\u6709\u8bb8\u591a\u9910\u9986\uff0c\u5982\u5723\u5b89\u4e1c\u5c3c\u5965\u7684\u6b65\u884c\u8857das Portas de Santo Ant\u00e3o\u3002<\/p>\n\n\n\n<figure class=\"wp-block-image size-large\"><img loading=\"lazy\" decoding=\"async\" width=\"1008\" height=\"756\" src=\"https:\/\/kuiper-lisbonne.com\/wp-content\/uploads\/2020\/09\/praca-restauradores.jpg\" alt=\"dos Restauradores\u5e7f\u573a\uff0c\u9ed1\u8272\u548c\u767d\u8272\u7684\u9e45\u5375\u77f3\u5f62\u6210\u7eb5\u6a2a\u4ea4\u9519\u7684\u7ebf\u6761\uff0c\u4e2d\u5fc3\u7684\u65b9\u5c16\u7891\u662f\u4e3a\u4e86\u7eaa\u5ff51640\u5e74\u8461\u8404\u7259\u590d\u8f9f\u6218\u4e89\u671f\u95f4\u7684\u6218\u6597\u3002  \" class=\"wp-image-1244\" srcset=\"https:\/\/kuiper-lisbonne.com\/wp-content\/uploads\/2020\/09\/praca-restauradores.jpg 1008w, https:\/\/kuiper-lisbonne.com\/wp-content\/uploads\/2020\/09\/praca-restauradores-300x225.jpg 300w, https:\/\/kuiper-lisbonne.com\/wp-content\/uploads\/2020\/09\/praca-restauradores-768x576.jpg 768w, https:\/\/kuiper-lisbonne.com\/wp-content\/uploads\/2020\/09\/praca-restauradores-16x12.jpg 16w, https:\/\/kuiper-lisbonne.com\/wp-content\/uploads\/2020\/09\/praca-restauradores-600x450.jpg 600w\" sizes=\"auto, (max-width: 1008px) 100vw, 1008px\" \/><\/figure>\n\n\n\n<h3 class=\"wp-block-heading\">\u5e9e\u5df4\u5c14\u4faf\u7235\u5e7f\u573a(pra\u00e7a do Marqu\u00eas de Pombal)<\/h3>\n\n\n\n<p>\u5728\u81ea\u7531\u5927\u9053\u7684\u5c3d\u5934\u662f\u5e9e\u5df4\u5c14\u4faf\u7235\u5e7f\u573a\u548c\u7231\u5fb7\u534e\u591a\u4e03\u4e16\u516c\u56ed\u3002\u8be5\u5e7f\u573a\u662f\u4e3a\u4e86\u7eaa\u5ff5\u8461\u8404\u7259\u5386\u53f2\u4e0a\u7684\u91cd\u8981\u4eba\u7269--\u5e9e\u5df4\u5c14\u4faf\u7235\u585e\u5df4\u65af\u8482\u6602-\u4f55\u585e-\u5fb7-\u5361\u74e6\u7565-\u6885\u6d1b\u3002\u8fd9\u4e2a\u5e7f\u573a\u4e0a\u6709\u5e9e\u5df4\u5c14\u4faf\u7235\u7684\u7eaa\u5ff5\u6027\u96d5\u50cf\uff0c\u5c31\u50cf\u4e00\u4e2a\u5927\u578b\u7684\u73af\u5c9b\u3002\u5b83\u81ea\u7136\u9ad8\u4e8e\u57ce\u5e02\u7684\u5176\u4ed6\u5730\u65b9\uff0c\u4e0e\u516c\u56ed\u5f62\u6210\u4e86\u4e00\u4e2a\u975e\u5e38\u597d\u7684\u89c6\u89d2\u3002 <\/p>\n\n\n\n<figure class=\"wp-block-image size-large\"><img loading=\"lazy\" decoding=\"async\" width=\"1008\" height=\"756\" src=\"https:\/\/kuiper-lisbonne.com\/wp-content\/uploads\/2020\/09\/jardim-eduardo.jpg\" alt=\"\u7231\u5fb7\u534e\u591a\u4e03\u4e16\u516c\u56ed\u548cMarques de Pombal\u5e7f\u573a\u7684\u89c6\u89d2\" class=\"wp-image-1190\" srcset=\"https:\/\/kuiper-lisbonne.com\/wp-content\/uploads\/2020\/09\/jardim-eduardo.jpg 1008w, https:\/\/kuiper-lisbonne.com\/wp-content\/uploads\/2020\/09\/jardim-eduardo-300x225.jpg 300w, https:\/\/kuiper-lisbonne.com\/wp-content\/uploads\/2020\/09\/jardim-eduardo-768x576.jpg 768w, https:\/\/kuiper-lisbonne.com\/wp-content\/uploads\/2020\/09\/jardim-eduardo-16x12.jpg 16w, https:\/\/kuiper-lisbonne.com\/wp-content\/uploads\/2020\/09\/jardim-eduardo-600x450.jpg 600w\" sizes=\"auto, (max-width: 1008px) 100vw, 1008px\" \/><\/figure>\n\n\n\n<h3 class=\"wp-block-heading\">\u8def\u6613\u65af-\u5fb7-\u5361\u8499\u65af\u5e7f\u573a<\/h3>\n\n\n\n<p>\u8be5\u5e7f\u573a\u4f4d\u4e8e\u91cc\u65af\u672c\u6700\u70ed\u95f9\u7684\u5730\u533a\uff0c\u5728Bairro Alto\u548cChiado\u533a\u4e4b\u95f4\u3002\u5e7f\u573a\u4e0a\uff0c\u8461\u8404\u7259\u8bd7\u4eba\u8def\u6613\u65af-\u74e6\u65af-\u5fb7-\u5361\u8499\u65af\uff08Lu\u00eds Vaz de Cam\u00f5es\uff09\u7684\u96d5\u50cf\u7ad6\u7acb\u4e8e1856\u5e74\uff0c\u5411\u4ed6\u8868\u793a\u656c\u610f\u3002  \"\u00a0<em>\u6211\u603b\u662f\u4e00\u624b\u62ff\u7740\u5251\uff0c\u4e00\u624b\u62ff\u7740\u7fbd\u6bdb<\/em>\u00a0\"\u5f15\u81ea\u300a\u9c81\u897f\u5fb7\u300b\u4e00\u8bd7\u3002 <\/p>\n\n\n\n<figure class=\"wp-block-image size-large\"><img loading=\"lazy\" decoding=\"async\" width=\"1008\" height=\"756\" src=\"https:\/\/kuiper-lisbonne.com\/wp-content\/uploads\/2020\/09\/praca-camoes.jpg\" alt=\"\u94fa\u6ee1\u661f\u661f\u7684\u5e7f\u573a\u548c\u8def\u6613\u65af-\u5fb7-\u5361\u8499\u65af\u7684\u96d5\u50cf \" class=\"wp-image-1245\" srcset=\"https:\/\/kuiper-lisbonne.com\/wp-content\/uploads\/2020\/09\/praca-camoes.jpg 1008w, https:\/\/kuiper-lisbonne.com\/wp-content\/uploads\/2020\/09\/praca-camoes-300x225.jpg 300w, https:\/\/kuiper-lisbonne.com\/wp-content\/uploads\/2020\/09\/praca-camoes-768x576.jpg 768w, https:\/\/kuiper-lisbonne.com\/wp-content\/uploads\/2020\/09\/praca-camoes-16x12.jpg 16w, https:\/\/kuiper-lisbonne.com\/wp-content\/uploads\/2020\/09\/praca-camoes-600x450.jpg 600w\" sizes=\"auto, (max-width: 1008px) 100vw, 1008px\" \/><\/figure>\n\n\n\n<h3 class=\"wp-block-heading\">\u5e02\u653f\u5385\u5e7f\u573a\uff08pra\u00e7a do Municipio\uff09\u3002<\/h3>\n\n\n\n<p>\u7f8e\u4e3d\u7684\u9e45\u5375\u77f3\u5e7f\u573a\u4e0a\u6709\u626d\u66f2\u7684\u67f1\u5b50\u3002\u6795\u5934\u662f\u6b63\u4e49\u548c\u6743\u529b\u7684\u8c61\u5f81\uff0c\u4eca\u5929\u8fd9\u4e2a\u5e7f\u573a\u662f\u88c5\u9970\u6027\u7684\uff0c\u5f88\u597d\u5730\u4ee3\u8868\u4e86\u66fc\u52aa\u57c3\u62c9\u65f6\u671f\u7684\u8461\u8404\u7259\u5efa\u7b51\u548c\u7f8e\u5b66\uff08\u8461\u8404\u7259\u665a\u671f\u54e5\u7279\u5f0f\uff09\u3002 <\/p>\n\n\n\n<figure class=\"wp-block-image size-large\"><img loading=\"lazy\" decoding=\"async\" width=\"1008\" height=\"756\" src=\"https:\/\/kuiper-lisbonne.com\/wp-content\/uploads\/2020\/09\/praca_municipio.jpg\" alt=\"\u9e45\u5375\u77f3\u94fa\u6210\u7684\u5e02\u653f\u5385\u5e7f\u573a\u53ca\u5176\u626d\u66f2\u7684\u67f1\u72b6\u7269\" class=\"wp-image-1246\" srcset=\"https:\/\/kuiper-lisbonne.com\/wp-content\/uploads\/2020\/09\/praca_municipio.jpg 1008w, https:\/\/kuiper-lisbonne.com\/wp-content\/uploads\/2020\/09\/praca_municipio-300x225.jpg 300w, https:\/\/kuiper-lisbonne.com\/wp-content\/uploads\/2020\/09\/praca_municipio-768x576.jpg 768w, https:\/\/kuiper-lisbonne.com\/wp-content\/uploads\/2020\/09\/praca_municipio-16x12.jpg 16w, https:\/\/kuiper-lisbonne.com\/wp-content\/uploads\/2020\/09\/praca_municipio-600x450.jpg 600w\" sizes=\"auto, (max-width: 1008px) 100vw, 1008px\" \/><\/figure>\n\n\n\n<h3 class=\"wp-block-heading\">\u82b1\u5349\u5e7f\u573a(pra\u00e7a das flores)<\/h3>\n\n\n\n<p>\u91cc\u65af\u672c\u7684\u7279\u8272\u4e4b\u4e00\u662f\u5e7f\u573a\u548c\u82b1\u56ed\u3002\u8fd9\u91cc\u662fpra\u00e7a des flores\uff0c\u548c\u91cc\u65af\u672c\u7684\u60c5\u51b5\u4e00\u6837\uff0c\u5728\u5e7f\u573a\u4e0a\u6709\u4e00\u4e2a\u9732\u53f0\u4ead\uff0c\u4f60\u53ef\u4ee5\u5728\u6811\u836b\u4e0b\u555c\u996e\u82cf\u6469\uff08\u679c\u6c41\uff09\u6216\u5176\u4ed6\u996e\u6599\u3002 <\/p>\n\n\n\n<figure class=\"wp-block-image size-large\"><img loading=\"lazy\" decoding=\"async\" width=\"1008\" height=\"756\" src=\"https:\/\/kuiper-lisbonne.com\/wp-content\/uploads\/2020\/09\/praca_das_flores.jpg\" alt=\"\u5f17\u6d1b\u96f7\u65af\u5e7f\u573a\uff08Place das Flores\uff09\u4e2d\u5fc3\u6709\u4e00\u4e2a\u5c0f\u55b7\u6cc9\uff0c\u5e7f\u573a\u5468\u56f4\u6709\u957f\u6905\u548c\u6811\u6728\u3002\" class=\"wp-image-1247\" srcset=\"https:\/\/kuiper-lisbonne.com\/wp-content\/uploads\/2020\/09\/praca_das_flores.jpg 1008w, https:\/\/kuiper-lisbonne.com\/wp-content\/uploads\/2020\/09\/praca_das_flores-300x225.jpg 300w, https:\/\/kuiper-lisbonne.com\/wp-content\/uploads\/2020\/09\/praca_das_flores-768x576.jpg 768w, https:\/\/kuiper-lisbonne.com\/wp-content\/uploads\/2020\/09\/praca_das_flores-16x12.jpg 16w, https:\/\/kuiper-lisbonne.com\/wp-content\/uploads\/2020\/09\/praca_das_flores-600x450.jpg 600w\" sizes=\"auto, (max-width: 1008px) 100vw, 1008px\" \/><\/figure>\n\n\n\n<h3 class=\"wp-block-heading\">\u65e0\u82b1\u679c\u6811\u5e7f\u573a\uff08pra\u00e7a da figueira\uff09\u3002<\/h3>\n\n\n\n<p>\u4ee5\u524d\u662f\u8be5\u5e02\u6700\u91cd\u8981\u7684\u6709\u76d6\u5e02\u573a\uff0c\u4eca\u5929\u77d7\u7acb\u7740\u591a\u59c6-\u82e5\u6602\u4e00\u4e16\u56fd\u738b\u7684\u9a6c\u672f\u96d5\u50cf\u3002 <\/p>\n\n\n\n<figure class=\"wp-block-image size-large\"><img loading=\"lazy\" decoding=\"async\" width=\"1008\" height=\"756\" src=\"https:\/\/kuiper-lisbonne.com\/wp-content\/uploads\/2020\/09\/praca_figueria.jpg\" alt=\"\u6709\u9a6c\u672f\u96d5\u50cf\u7684\u5927\u5e7f\u573a Pra\u00e7a Figuera\" class=\"wp-image-1248\" srcset=\"https:\/\/kuiper-lisbonne.com\/wp-content\/uploads\/2020\/09\/praca_figueria.jpg 1008w, https:\/\/kuiper-lisbonne.com\/wp-content\/uploads\/2020\/09\/praca_figueria-300x225.jpg 300w, https:\/\/kuiper-lisbonne.com\/wp-content\/uploads\/2020\/09\/praca_figueria-768x576.jpg 768w, https:\/\/kuiper-lisbonne.com\/wp-content\/uploads\/2020\/09\/praca_figueria-16x12.jpg 16w, https:\/\/kuiper-lisbonne.com\/wp-content\/uploads\/2020\/09\/praca_figueria-600x450.jpg 600w\" sizes=\"auto, (max-width: 1008px) 100vw, 1008px\" \/><\/figure>","protected":false},"excerpt":{"rendered":"<p>Lisbonne est une ville agr\u00e9able, ses places en sont l&rsquo;exemple parfait, o\u00f9 il faut bon d&rsquo;en profiter. De la tr\u00e8s grande \u00e0 la plus intimiste, Lisbonne a une tr\u00e8s grande vari\u00e9t\u00e9 de places pav\u00e9es. Place du commerce (pra\u00e7a do com\u00e9rcio) La Place du commerce est la plus grand place de Lisbonne. Cette place a accueilli [&hellip;]<\/p>","protected":false},"author":1,"featured_media":1245,"comment_status":"closed","ping_status":"closed","sticky":false,"template":"","format":"standard","meta":{"_monsterinsights_skip_tracking":false,"_monsterinsights_sitenote_active":false,"_monsterinsights_sitenote_note":"","_monsterinsights_sitenote_category":0,"footnotes":""},"categories":[29],"tags":[139],"class_list":["post-263","post","type-post","status-publish","format-standard","has-post-thumbnail","hentry","category-decouverte","tag-decouverte"],"yoast_head":"<!-- This site is optimized with the Yoast SEO plugin v21.2 - https:\/\/yoast.com\/wordpress\/plugins\/seo\/ -->\n<title>Les plus belles places de Lisbonne - Kuiper<\/title>\n<meta name=\"description\" content=\"Lisbonne est une ville agr\u00e9able, ses places en sont l&#039;exemple parfait, o\u00f9 il faut bon de profiter. De la tr\u00e8s grande \u00e0 la plus intimiste, Lisbonne a une tr\u00e8s grande vari\u00e9t\u00e9 de places pav\u00e9s.\" \/>\n<meta name=\"robots\" content=\"index, follow, max-snippet:-1, max-image-preview:large, max-video-preview:-1\" \/>\n<link rel=\"canonical\" href=\"https:\/\/kuiper-lisbonne.com\/zh\/les-plus-belles-places-de-lisbonne\/\" \/>\n<meta property=\"og:locale\" content=\"zh_CN\" \/>\n<meta property=\"og:type\" content=\"article\" \/>\n<meta property=\"og:title\" content=\"Les plus belles places de Lisbonne - Kuiper\" \/>\n<meta property=\"og:description\" content=\"Lisbonne est une ville agr\u00e9able, ses places en sont l&#039;exemple parfait, o\u00f9 il faut bon de profiter. De la tr\u00e8s grande \u00e0 la plus intimiste, Lisbonne a une tr\u00e8s grande vari\u00e9t\u00e9 de places pav\u00e9s.\" \/>\n<meta property=\"og:url\" content=\"https:\/\/kuiper-lisbonne.com\/zh\/les-plus-belles-places-de-lisbonne\/\" \/>\n<meta property=\"og:site_name\" content=\"Kuiper\" \/>\n<meta property=\"article:published_time\" content=\"2020-09-02T12:20:15+00:00\" \/>\n<meta property=\"article:modified_time\" content=\"2022-06-29T18:06:49+00:00\" \/>\n<meta property=\"og:image\" content=\"https:\/\/kuiper-lisbonne.com\/wp-content\/uploads\/2020\/09\/praca-camoes.jpg\" \/>\n\t<meta property=\"og:image:width\" content=\"1008\" \/>\n\t<meta property=\"og:image:height\" content=\"756\" \/>\n\t<meta property=\"og:image:type\" content=\"image\/jpeg\" \/>\n<meta name=\"author\" content=\"David R\" \/>\n<meta name=\"twitter:card\" content=\"summary_large_image\" \/>\n<meta name=\"twitter:label1\" content=\"\u4f5c\u8005\" \/>\n\t<meta name=\"twitter:data1\" content=\"David R\" \/>\n\t<meta name=\"twitter:label2\" content=\"\u9884\u8ba1\u9605\u8bfb\u65f6\u95f4\" \/>\n\t<meta name=\"twitter:data2\" content=\"6 \u5206\" \/>\n<script type=\"application\/ld+json\" class=\"yoast-schema-graph\">{\"@context\":\"https:\/\/schema.org\",\"@graph\":[{\"@type\":\"WebPage\",\"@id\":\"https:\/\/kuiper-lisbonne.com\/les-plus-belles-places-de-lisbonne\/\",\"url\":\"https:\/\/kuiper-lisbonne.com\/les-plus-belles-places-de-lisbonne\/\",\"name\":\"Les plus belles places de Lisbonne - Kuiper\",\"isPartOf\":{\"@id\":\"https:\/\/kuiper-lisbonne.com\/es\/#website\"},\"datePublished\":\"2020-09-02T12:20:15+00:00\",\"dateModified\":\"2022-06-29T18:06:49+00:00\",\"author\":{\"@id\":\"https:\/\/kuiper-lisbonne.com\/es\/#\/schema\/person\/78d19403648d46399949222fbeec90b7\"},\"description\":\"Lisbonne est une ville agr\u00e9able, ses places en sont l'exemple parfait, o\u00f9 il faut bon de profiter. De la tr\u00e8s grande \u00e0 la plus intimiste, Lisbonne a une tr\u00e8s grande vari\u00e9t\u00e9 de places pav\u00e9s.\",\"breadcrumb\":{\"@id\":\"https:\/\/kuiper-lisbonne.com\/les-plus-belles-places-de-lisbonne\/#breadcrumb\"},\"inLanguage\":\"zh-Hans\",\"potentialAction\":[{\"@type\":\"ReadAction\",\"target\":[\"https:\/\/kuiper-lisbonne.com\/les-plus-belles-places-de-lisbonne\/\"]}]},{\"@type\":\"BreadcrumbList\",\"@id\":\"https:\/\/kuiper-lisbonne.com\/les-plus-belles-places-de-lisbonne\/#breadcrumb\",\"itemListElement\":[{\"@type\":\"ListItem\",\"position\":1,\"name\":\"Accueil\",\"item\":\"https:\/\/kuiper-lisbonne.com\/es\/\"},{\"@type\":\"ListItem\",\"position\":2,\"name\":\"Les plus belles places de Lisbonne\"}]},{\"@type\":\"WebSite\",\"@id\":\"https:\/\/kuiper-lisbonne.com\/es\/#website\",\"url\":\"https:\/\/kuiper-lisbonne.com\/es\/\",\"name\":\"Kuiper\",\"description\":\"le blog de Lisbonne\",\"potentialAction\":[{\"@type\":\"SearchAction\",\"target\":{\"@type\":\"EntryPoint\",\"urlTemplate\":\"https:\/\/kuiper-lisbonne.com\/es\/?s={search_term_string}\"},\"query-input\":\"required name=search_term_string\"}],\"inLanguage\":\"zh-Hans\"},{\"@type\":\"Person\",\"@id\":\"https:\/\/kuiper-lisbonne.com\/es\/#\/schema\/person\/78d19403648d46399949222fbeec90b7\",\"name\":\"David R\",\"image\":{\"@type\":\"ImageObject\",\"inLanguage\":\"zh-Hans\",\"@id\":\"https:\/\/kuiper-lisbonne.com\/es\/#\/schema\/person\/image\/\",\"url\":\"https:\/\/secure.gravatar.com\/avatar\/eb569dd50e8ca986708a30abe4b8f779?s=96&d=mm&r=g\",\"contentUrl\":\"https:\/\/secure.gravatar.com\/avatar\/eb569dd50e8ca986708a30abe4b8f779?s=96&d=mm&r=g\",\"caption\":\"David R\"},\"url\":\"https:\/\/kuiper-lisbonne.com\/zh\/author\/admin3597\/\"}]}<\/script>\n<!-- \/ Yoast SEO plugin. -->","yoast_head_json":{"title":"Les plus belles places de Lisbonne - Kuiper","description":"Lisbonne est une ville agr\u00e9able, ses places en sont l'exemple parfait, o\u00f9 il faut bon de profiter. De la tr\u00e8s grande \u00e0 la plus intimiste, Lisbonne a une tr\u00e8s grande vari\u00e9t\u00e9 de places pav\u00e9s.","robots":{"index":"index","follow":"follow","max-snippet":"max-snippet:-1","max-image-preview":"max-image-preview:large","max-video-preview":"max-video-preview:-1"},"canonical":"https:\/\/kuiper-lisbonne.com\/zh\/les-plus-belles-places-de-lisbonne\/","og_locale":"zh_CN","og_type":"article","og_title":"Les plus belles places de Lisbonne - Kuiper","og_description":"Lisbonne est une ville agr\u00e9able, ses places en sont l'exemple parfait, o\u00f9 il faut bon de profiter. De la tr\u00e8s grande \u00e0 la plus intimiste, Lisbonne a une tr\u00e8s grande vari\u00e9t\u00e9 de places pav\u00e9s.","og_url":"https:\/\/kuiper-lisbonne.com\/zh\/les-plus-belles-places-de-lisbonne\/","og_site_name":"Kuiper","article_published_time":"2020-09-02T12:20:15+00:00","article_modified_time":"2022-06-29T18:06:49+00:00","og_image":[{"width":1008,"height":756,"url":"https:\/\/kuiper-lisbonne.com\/wp-content\/uploads\/2020\/09\/praca-camoes.jpg","type":"image\/jpeg"}],"author":"David R","twitter_card":"summary_large_image","twitter_misc":{"\u4f5c\u8005":"David R","\u9884\u8ba1\u9605\u8bfb\u65f6\u95f4":"6 \u5206"},"schema":{"@context":"https:\/\/schema.org","@graph":[{"@type":"WebPage","@id":"https:\/\/kuiper-lisbonne.com\/les-plus-belles-places-de-lisbonne\/","url":"https:\/\/kuiper-lisbonne.com\/les-plus-belles-places-de-lisbonne\/","name":"Les plus belles places de Lisbonne - Kuiper","isPartOf":{"@id":"https:\/\/kuiper-lisbonne.com\/es\/#website"},"datePublished":"2020-09-02T12:20:15+00:00","dateModified":"2022-06-29T18:06:49+00:00","author":{"@id":"https:\/\/kuiper-lisbonne.com\/es\/#\/schema\/person\/78d19403648d46399949222fbeec90b7"},"description":"Lisbonne est une ville agr\u00e9able, ses places en sont l'exemple parfait, o\u00f9 il faut bon de profiter. De la tr\u00e8s grande \u00e0 la plus intimiste, Lisbonne a une tr\u00e8s grande vari\u00e9t\u00e9 de places pav\u00e9s.","breadcrumb":{"@id":"https:\/\/kuiper-lisbonne.com\/les-plus-belles-places-de-lisbonne\/#breadcrumb"},"inLanguage":"zh-Hans","potentialAction":[{"@type":"ReadAction","target":["https:\/\/kuiper-lisbonne.com\/les-plus-belles-places-de-lisbonne\/"]}]},{"@type":"BreadcrumbList","@id":"https:\/\/kuiper-lisbonne.com\/les-plus-belles-places-de-lisbonne\/#breadcrumb","itemListElement":[{"@type":"ListItem","position":1,"name":"Accueil","item":"https:\/\/kuiper-lisbonne.com\/es\/"},{"@type":"ListItem","position":2,"name":"Les plus belles places de Lisbonne"}]},{"@type":"WebSite","@id":"https:\/\/kuiper-lisbonne.com\/es\/#website","url":"https:\/\/kuiper-lisbonne.com\/es\/","name":"Kuiper","description":"le blog de Lisbonne","potentialAction":[{"@type":"SearchAction","target":{"@type":"EntryPoint","urlTemplate":"https:\/\/kuiper-lisbonne.com\/es\/?s={search_term_string}"},"query-input":"required name=search_term_string"}],"inLanguage":"zh-Hans"},{"@type":"Person","@id":"https:\/\/kuiper-lisbonne.com\/es\/#\/schema\/person\/78d19403648d46399949222fbeec90b7","name":"David R","image":{"@type":"ImageObject","inLanguage":"zh-Hans","@id":"https:\/\/kuiper-lisbonne.com\/es\/#\/schema\/person\/image\/","url":"https:\/\/secure.gravatar.com\/avatar\/eb569dd50e8ca986708a30abe4b8f779?s=96&d=mm&r=g","contentUrl":"https:\/\/secure.gravatar.com\/avatar\/eb569dd50e8ca986708a30abe4b8f779?s=96&d=mm&r=g","caption":"David R"},"url":"https:\/\/kuiper-lisbonne.com\/zh\/author\/admin3597\/"}]}},"_links":{"self":[{"href":"https:\/\/kuiper-lisbonne.com\/zh\/wp-json\/wp\/v2\/posts\/263","targetHints":{"allow":["GET"]}}],"collection":[{"href":"https:\/\/kuiper-lisbonne.com\/zh\/wp-json\/wp\/v2\/posts"}],"about":[{"href":"https:\/\/kuiper-lisbonne.com\/zh\/wp-json\/wp\/v2\/types\/post"}],"author":[{"embeddable":true,"href":"https:\/\/kuiper-lisbonne.com\/zh\/wp-json\/wp\/v2\/users\/1"}],"replies":[{"embeddable":true,"href":"https:\/\/kuiper-lisbonne.com\/zh\/wp-json\/wp\/v2\/comments?post=263"}],"version-history":[{"count":60,"href":"https:\/\/kuiper-lisbonne.com\/zh\/wp-json\/wp\/v2\/posts\/263\/revisions"}],"predecessor-version":[{"id":1317,"href":"https:\/\/kuiper-lisbonne.com\/zh\/wp-json\/wp\/v2\/posts\/263\/revisions\/1317"}],"wp:featuredmedia":[{"embeddable":true,"href":"https:\/\/kuiper-lisbonne.com\/zh\/wp-json\/wp\/v2\/media\/1245"}],"wp:attachment":[{"href":"https:\/\/kuiper-lisbonne.com\/zh\/wp-json\/wp\/v2\/media?parent=263"}],"wp:term":[{"taxonomy":"category","embeddable":true,"href":"https:\/\/kuiper-lisbonne.com\/zh\/wp-json\/wp\/v2\/categories?post=263"},{"taxonomy":"post_tag","embeddable":true,"href":"https:\/\/kuiper-lisbonne.com\/zh\/wp-json\/wp\/v2\/tags?post=263"}],"curies":[{"name":"wp","href":"https:\/\/api.w.org\/{rel}","templated":true}]}}